{"id":9308,"date":"2015-05-25T21:56:18","date_gmt":"2015-05-25T21:56:18","guid":{"rendered":"http:\/\/www.ecuadoraldia.com.ec\/?p=9308"},"modified":"2015-05-25T21:56:18","modified_gmt":"2015-05-25T21:56:18","slug":"prision-preventiva-para-policia-que-intento-ingresar-droga-a-carcel-de-maxima-seguridad","status":"publish","type":"post","link":"https:\/\/www.ecuadoraldia.com.ec\/?p=9308","title":{"rendered":"Prisi\u00f3n preventiva para polic\u00eda que intent\u00f3 ingresar droga a c\u00e1rcel de m\u00e1xima seguridad"},"content":{"rendered":"<p style=\"text-align: justify;\"><a href=\"http:\/\/www.ecuadoraldia.com.ec\/wp-content\/uploads\/2015\/05\/detenido_con_droga_0.jpg\"><img loading=\"lazy\" decoding=\"async\" class=\"alignleft size-medium wp-image-9309\" alt=\"detenido_con_droga_0\" src=\"http:\/\/www.ecuadoraldia.com.ec\/wp-content\/uploads\/2015\/05\/detenido_con_droga_0-300x199.jpg\" width=\"300\" height=\"199\" srcset=\"https:\/\/www.ecuadoraldia.com.ec\/wp-content\/uploads\/2015\/05\/detenido_con_droga_0-300x199.jpg 300w, https:\/\/www.ecuadoraldia.com.ec\/wp-content\/uploads\/2015\/05\/detenido_con_droga_0.jpg 449w\" sizes=\"(max-width: 300px) 100vw, 300px\" \/><\/a>Quito, 25 may &#8211; La justicia ecuatoriana dict\u00f3 prisi\u00f3n preventiva para un polic\u00eda en servicio activo, quien fue detenido el s\u00e1bado por intentar ingresar droga en el \u00e1rea de m\u00e1xima seguridad Centro de Rehabilitaci\u00f3n Social de la provincia costera de Guayas, inform\u00f3 el Ministerio de Justicia.<\/p>\n<p style=\"text-align: justify;\">El oficial Julio Javier O, fue detenido la madrugada del s\u00e1bado \u00aben delito flagrante al intentar ingresar droga escondida en su cuerpo al pabell\u00f3n de m\u00e1xima seguridad\u00bb, detall\u00f3 la cartera de Estado en un comunicado.<\/p>\n<p style=\"text-align: justify;\">Por ser delito flagrante se aplica el procedimiento directo de juzgamiento. El juicio se realizar\u00e1 el pr\u00f3ximo 5 de junio.<\/p>\n<p style=\"text-align: justify;\">El C\u00f3digo Org\u00e1nico Integral Penal establece pena privativa de libertad de uno a tres a\u00f1os para la persona que \u00abingrese, por s\u00ed misma o a trav\u00e9s de terceros, a los centros de privaci\u00f3n de libertad, bebidas alcoh\u00f3licas, sustancias catalogadas y sujetas a fiscalizaci\u00f3n, armas, tel\u00e9fonos celulares o equipos de comunicaci\u00f3n; bienes u objetos prohibidos adheridos al cuerpo o a sus prendas de vestir\u00bb.<\/p>\n<p style=\"text-align: justify;\">El uniformado habr\u00eda intentado ingresar al centro carcelario unos 38 gramos de marihuana camuflado en sus partes \u00edntimas. Sin embargo, los filtros de seguridad del reclusorio habr\u00edan frustrado el hecho, seg\u00fan inform\u00f3 el canal TC Televisi\u00f3n.<\/p>\n<p style=\"text-align: justify;\">Un guardia penitenciario afirm\u00f3 que el gendarme habr\u00eda pasado los dos primeros filtros y en el tercero fue detectado el alcaloide.<\/p>\n<p style=\"text-align: justify;\">En otros casos registrados el fin de semana, la Polic\u00eda logr\u00f3 evitar el env\u00edo de 620 gramos de coca\u00edna hacia Italia, que estaban escondidos en el doble fondo de bolsos que iban a ser enviados por medio de la empresa Correos del Ecuador.<\/p>\n<p style=\"text-align: justify;\">Tambi\u00e9n se frustr\u00f3 que 63 gramos de coca\u00edna llegan a Amsterdan ocultos en un cobre manila en el \u00e1rea de carga del aeropuerto internacional Jos\u00e9 Joaqu\u00edn de Olmedo de Guayaquil.<\/p>\n<p style=\"text-align: justify;\">Desde enero hasta el 19 de mayo las autoridades han decomisado 33,46 toneladas de diferentes drogas, 26,10 toneladas destinadas al tr\u00e1fico internacional y 7,36 a consumo interno, seg\u00fan informaci\u00f3n del Ministerio del Interior. En el mismo per\u00edodo del a\u00f1o anterior se incautaron en total 15,90 toneladas. (ANDES)<\/p>\n","protected":false},"excerpt":{"rendered":"<p>Quito, 25 may &#8211; La justicia ecuatoriana dict\u00f3 prisi\u00f3n preventiva para un polic\u00eda en servicio activo, quien fue detenido el<\/p>\n","protected":false},"author":1,"featured_media":0,"comment_status":"open","ping_status":"open","sticky":false,"template":"","format":"standard","meta":{"footnotes":""},"categories":[5],"tags":[],"_links":{"self":[{"href":"https:\/\/www.ecuadoraldia.com.ec\/index.php?rest_route=\/wp\/v2\/posts\/9308"}],"collection":[{"href":"https:\/\/www.ecuadoraldia.com.ec\/index.php?rest_route=\/wp\/v2\/posts"}],"about":[{"href":"https:\/\/www.ecuadoraldia.com.ec\/index.php?rest_route=\/wp\/v2\/types\/post"}],"author":[{"embeddable":true,"href":"https:\/\/www.ecuadoraldia.com.ec\/index.php?rest_route=\/wp\/v2\/users\/1"}],"replies":[{"embeddable":true,"href":"https:\/\/www.ecuadoraldia.com.ec\/index.php?rest_route=%2Fwp%2Fv2%2Fcomments&post=9308"}],"version-history":[{"count":2,"href":"https:\/\/www.ecuadoraldia.com.ec\/index.php?rest_route=\/wp\/v2\/posts\/9308\/revisions"}],"predecessor-version":[{"id":9311,"href":"https:\/\/www.ecuadoraldia.com.ec\/index.php?rest_route=\/wp\/v2\/posts\/9308\/revisions\/9311"}],"wp:attachment":[{"href":"https:\/\/www.ecuadoraldia.com.ec\/index.php?rest_route=%2Fwp%2Fv2%2Fmedia&parent=9308"}],"wp:term":[{"taxonomy":"category","embeddable":true,"href":"https:\/\/www.ecuadoraldia.com.ec\/index.php?rest_route=%2Fwp%2Fv2%2Fcategories&post=9308"},{"taxonomy":"post_tag","embeddable":true,"href":"https:\/\/www.ecuadoraldia.com.ec\/index.php?rest_route=%2Fwp%2Fv2%2Ftags&post=9308"}],"curies":[{"name":"wp","href":"https:\/\/api.w.org\/{rel}","templated":true}]}}