{"id":9312,"date":"2015-05-25T22:01:29","date_gmt":"2015-05-25T22:01:29","guid":{"rendered":"http:\/\/www.ecuadoraldia.com.ec\/?p=9312"},"modified":"2015-05-25T22:01:29","modified_gmt":"2015-05-25T22:01:29","slug":"ecuador-y-la-region-avanzan-en-atencion-a-la-ninez-aunque-persisten-retos-segun-unicef","status":"publish","type":"post","link":"https:\/\/www.ecuadoraldia.com.ec\/?p=9312","title":{"rendered":"Ecuador y la regi\u00f3n avanzan en atenci\u00f3n a la ni\u00f1ez, aunque persisten retos, seg\u00fan Unicef"},"content":{"rendered":"<p style=\"text-align: justify;\"><a href=\"http:\/\/www.ecuadoraldia.com.ec\/wp-content\/uploads\/2015\/05\/seminario_internacional_ninez.jpg\"><img loading=\"lazy\" decoding=\"async\" class=\"alignleft size-medium wp-image-9313\" alt=\"seminario_internacional_ninez\" src=\"http:\/\/www.ecuadoraldia.com.ec\/wp-content\/uploads\/2015\/05\/seminario_internacional_ninez-300x173.jpg\" width=\"300\" height=\"173\" srcset=\"https:\/\/www.ecuadoraldia.com.ec\/wp-content\/uploads\/2015\/05\/seminario_internacional_ninez-300x173.jpg 300w, https:\/\/www.ecuadoraldia.com.ec\/wp-content\/uploads\/2015\/05\/seminario_internacional_ninez.jpg 335w\" sizes=\"(max-width: 300px) 100vw, 300px\" \/><\/a>Quito, 25 may (Andes).- La directora ejecutiva adjunta del Fondo de la ONU para la Infancia (Unicef), Yoka Brandt, se congratul\u00f3 este lunes desde Ecuador por los avances de este pa\u00eds y de la regi\u00f3n latinoamericana y caribe\u00f1a en la atenci\u00f3n a la ni\u00f1ez, aunque record\u00f3 que existen retos pendientes en los cuales es necesario avanzar.<\/p>\n<p style=\"text-align: justify;\">\u201cEn los \u00faltimos 15 a\u00f1os hay un enorme progreso de Latinoam\u00e9rica y el Caribe, especialmente en aquellas \u00e1reas como en la reducci\u00f3n de la pobreza y de la mortalidad de ni\u00f1o de 0 a 5 a\u00f1os de edad, y el acceso a la educaci\u00f3n\u201d, se\u00f1al\u00f3 la ejecutiva en el Seminario Internacional titulado \u201cInversi\u00f3n en la ni\u00f1ez en Am\u00e9rica Latina y el Caribe. Hacia una inversi\u00f3n m\u00e1s eficaz y equitativa en la ni\u00f1ez\u201d, que sesiona hasta el martes en Quito.<\/p>\n<p style=\"text-align: justify;\">Sin embargo, se\u00f1al\u00f3 que \u201cevidentemente existe una serie de retos\u201d, lo cual significa que es preciso traducir el progreso de este subcontinente a las clases en desventaja, en particular a los menores de edad.<\/p>\n<p style=\"text-align: justify;\">Expuso que este evento con sede en la capital ecuatoriana es una oportunidad para compartir las experiencias locales y regionales para traducirlas en inversiones hacia los ni\u00f1os, lo cual consider\u00f3 muy importante para una sociedad.<\/p>\n<p style=\"text-align: justify;\">\u201cHay mucho para aprender en esta regi\u00f3n sobre aquello que ha sido logrado y que debemos compartir sobre la plataforma global\u201d, acot\u00f3.<\/p>\n<p style=\"text-align: justify;\">\u201cInvertir en los ni\u00f1os es muy importante porque la Convenci\u00f3n de los erechos del ni\u00f1o nos obliga a todos invertir; en segundo lugar porque invertir en la ni\u00f1ez crea adultos que ser\u00e1n mejor educados y equipados como ciudadanos futuros\u201d, indic\u00f3.<\/p>\n<p style=\"text-align: justify;\">Brant apunt\u00f3, adem\u00e1s, que consecuentemente la inversi\u00f3n en la temprana infancia \u201ces una de las m\u00e1s inteligentes que podemos hacer\u201d.<\/p>\n<p style=\"text-align: justify;\">Se refiri\u00f3 a la realizaci\u00f3n este a\u00f1o de varios eventos internacionales como la III Conferencia de la ONU sobre financiaci\u00f3n del desarrollo, en Addis Abeba, Etiop\u00eda, en julio pr\u00f3ximo, por lo que dijo que es necesario asegurarse que el tema de la inversi\u00f3n en la ni\u00f1ez \u201cest\u00e1 sobre el tapete de la agenda global\u201d.<\/p>\n<p style=\"text-align: justify;\">La Convenci\u00f3n sobre los Derechos del Ni\u00f1o ha sido ratificada por 195pa\u00edses, con lo cual se comprometen a invertir en los ni\u00f1os desde su concepci\u00f3n para que tengan una vida sana. En su art\u00edculo 4, los Estados Parte deben asignar el m\u00e1ximo de los recursos disponibles para que se realicen los derechos de todos los ni\u00f1os y ni\u00f1as, sin excepci\u00f3n.<\/p>\n<p style=\"text-align: justify;\">\nYoka Brandt, secretaria ejecutiva adjunta de Unicef, elogi\u00f3 la inversi\u00f3n del Estado ecuatoriano en la primera infancia. Foto: Carlos Rodr\u00edguez\/Andes<\/p>\n<p style=\"text-align: justify;\">En Ecuador los ni\u00f1os y ni\u00f1as est\u00e1n en el coraz\u00f3n de la agenda nacional<\/p>\n<p style=\"text-align: justify;\">La directora ejecutiva adjunta de Unicef se refiri\u00f3 en su intervenci\u00f3n en este seminario internacional a la protecci\u00f3n del Estado ecuatoriano a los menores de edad con su inversi\u00f3n en el desarrollo de la primera infancia.<\/p>\n<p style=\"text-align: justify;\">\u201cEsta es mi primera visita a Ecuador -\u00a1y me he dado cuenta que ha sido demasiado breve!, pero he tenido tiempo suficiente para confirmar lo que ya conoc\u00eda: las ni\u00f1as y los ni\u00f1os est\u00e1n en el coraz\u00f3n de la agenda nacional\u201d, se\u00f1al\u00f3 al auditorio durante su presentaci\u00f3n.<\/p>\n<p style=\"text-align: justify;\">Brant, de nacionalidad holandesa, manifest\u00f3 su complacencia por las condiciones de los Centros infantiles para el Buen Vivir, tras visitar uno en la parroquia de Guayllamba, en la provincia de Pichincha, donde, dijo, \u201cse est\u00e1n elevando las vida de los ni\u00f1os, las ni\u00f1as, y de sus madres y de sus padres.<\/p>\n<p style=\"text-align: justify;\">Estos centros, apunt\u00f3, \u201cno solo brindan nutrici\u00f3n, estimulaci\u00f3n y aprendizaje para los ciudadanos m\u00e1s j\u00f3venes de Ecuador, sino tambi\u00e9n habilidades de crianza\u201d.<\/p>\n<p style=\"text-align: justify;\">En conferencia de prensa, la ministra coordinadora de Desarrollo Social, Cecilia Vaca, dijo que todav\u00eda se precisa trabajar para erradicar la desnutrici\u00f3n, que afecta a un 23.9% de menores de 5 a\u00f1os en este pa\u00eds, y dijo que Ecuador, como presidencia pro tempore de la Comunidad de Estados Latinoamericanos y Caribe\u00f1os (Celac) aspira a una agenda com\u00fan con la prioridad en la atenci\u00f3n a estas poblaciones vulnerables.<\/p>\n<p style=\"text-align: justify;\">Tambi\u00e9n refiri\u00f3 que, en el caso ecuatoriano, los \u00edndices mejoran debido a las pol\u00edticas p\u00fablicas prioritarias, b\u00e1sicamente en educaci\u00f3n y salud, y a\u00f1adi\u00f3, como ejemplo, que el 95% de los partos en Ecuador se producen en instituciones, una garant\u00eda para la sobrevida de la madre y el neonato. (ANDES)<\/p>\n","protected":false},"excerpt":{"rendered":"<p>Quito, 25 may (Andes).- La directora ejecutiva adjunta del Fondo de la ONU para la Infancia (Unicef), Yoka Brandt, se<\/p>\n","protected":false},"author":1,"featured_media":0,"comment_status":"open","ping_status":"open","sticky":false,"template":"","format":"standard","meta":{"footnotes":""},"categories":[3],"tags":[],"_links":{"self":[{"href":"https:\/\/www.ecuadoraldia.com.ec\/index.php?rest_route=\/wp\/v2\/posts\/9312"}],"collection":[{"href":"https:\/\/www.ecuadoraldia.com.ec\/index.php?rest_route=\/wp\/v2\/posts"}],"about":[{"href":"https:\/\/www.ecuadoraldia.com.ec\/index.php?rest_route=\/wp\/v2\/types\/post"}],"author":[{"embeddable":true,"href":"https:\/\/www.ecuadoraldia.com.ec\/index.php?rest_route=\/wp\/v2\/users\/1"}],"replies":[{"embeddable":true,"href":"https:\/\/www.ecuadoraldia.com.ec\/index.php?rest_route=%2Fwp%2Fv2%2Fcomments&post=9312"}],"version-history":[{"count":2,"href":"https:\/\/www.ecuadoraldia.com.ec\/index.php?rest_route=\/wp\/v2\/posts\/9312\/revisions"}],"predecessor-version":[{"id":9315,"href":"https:\/\/www.ecuadoraldia.com.ec\/index.php?rest_route=\/wp\/v2\/posts\/9312\/revisions\/9315"}],"wp:attachment":[{"href":"https:\/\/www.ecuadoraldia.com.ec\/index.php?rest_route=%2Fwp%2Fv2%2Fmedia&parent=9312"}],"wp:term":[{"taxonomy":"category","embeddable":true,"href":"https:\/\/www.ecuadoraldia.com.ec\/index.php?rest_route=%2Fwp%2Fv2%2Fcategories&post=9312"},{"taxonomy":"post_tag","embeddable":true,"href":"https:\/\/www.ecuadoraldia.com.ec\/index.php?rest_route=%2Fwp%2Fv2%2Ftags&post=9312"}],"curies":[{"name":"wp","href":"https:\/\/api.w.org\/{rel}","templated":true}]}}