{"id":9316,"date":"2015-05-25T22:05:48","date_gmt":"2015-05-25T22:05:48","guid":{"rendered":"http:\/\/www.ecuadoraldia.com.ec\/?p=9316"},"modified":"2015-05-25T22:05:48","modified_gmt":"2015-05-25T22:05:48","slug":"a-un-mes-del-terremoto-en-nepal-unicef-estima-que-70-000-ninos-necesitan-ayuda-urgente","status":"publish","type":"post","link":"https:\/\/www.ecuadoraldia.com.ec\/?p=9316","title":{"rendered":"A un mes del terremoto en Nepal, Unicef estima que 70.000 ni\u00f1os necesitan ayuda urgente"},"content":{"rendered":"<p style=\"text-align: justify;\"><a href=\"http:\/\/www.ecuadoraldia.com.ec\/wp-content\/uploads\/2015\/05\/terremoto-nepal.jpg\"><img loading=\"lazy\" decoding=\"async\" class=\"alignleft size-medium wp-image-9317\" alt=\"terremoto nepal\" src=\"http:\/\/www.ecuadoraldia.com.ec\/wp-content\/uploads\/2015\/05\/terremoto-nepal-300x168.jpg\" width=\"300\" height=\"168\" srcset=\"https:\/\/www.ecuadoraldia.com.ec\/wp-content\/uploads\/2015\/05\/terremoto-nepal-300x168.jpg 300w, https:\/\/www.ecuadoraldia.com.ec\/wp-content\/uploads\/2015\/05\/terremoto-nepal.jpg 770w\" sizes=\"(max-width: 300px) 100vw, 300px\" \/><\/a>Unicef estima que 70.000 ni\u00f1os menores de 5 a\u00f1os necesitan urgentemente ayuda nutricional para prevenir el deterioro de su estado de salud, cuando se cumple un mes del primero de los dos grandes terremotos que sacudieron Nepal.<\/p>\n<p style=\"text-align: justify;\">Alrededor de 15.000 ni\u00f1os de catorce de los distritos m\u00e1s afectados por el devastador terremoto de abril y otro m\u00e1s reciente, necesitar\u00e1n alimento terap\u00e9utico -como pasta de cacahuetes rica en nutrientes lista para su consumo- para el tratamiento de la desnutrici\u00f3n severa aguda que sufren muchos de ellos.<\/p>\n<p style=\"text-align: justify;\">ADVERTISEMENT<\/p>\n<p style=\"text-align: justify;\">Adem\u00e1s, unos 55.000 ni\u00f1os con desnutrici\u00f3n severa moderada requerir\u00e1n alimentaci\u00f3n suplementaria y cuidados para volver a tener un desarrollo y crecimiento saludables.<\/p>\n<p style=\"text-align: justify;\">Antes del terremoto, un ni\u00f1o de cada diez en Nepal ya sufr\u00eda desnutrici\u00f3n aguda, mientras que casi cuatro de cada diez experimentaban un retraso en su crecimiento debido a la desnutrici\u00f3n cr\u00f3nica, seg\u00fan Unicef, que expresa en un comunicado de prensa su preocupaci\u00f3n por el empeoramiento de la situaci\u00f3n como consecuencia del desastre natural.<\/p>\n<p style=\"text-align: justify;\">\nLa organizaci\u00f3n Save the Children, por su parte, alert\u00f3 que miles de reci\u00e9n nacidos corren grave peligro de contraer enfermedades e incluso de morir en Nepal, y que unas 93.000 embarazadas se encontraban entre la poblaci\u00f3n afectada directamente por los fuertes terremotos que sacudieron el pa\u00eds y que causaron 8.648 muertos y 16.808 heridos.<\/p>\n<p style=\"text-align: justify;\">Muchas de esas mujeres est\u00e1n ahora viviendo fuera de sus casas con sus beb\u00e9s, bajo lonas de pl\u00e1stico, en condiciones insalubres y con fr\u00edo, seg\u00fan esta ONG, que indica que cuando comience la temporada del monz\u00f3n, las fuertes lluvias incrementar\u00e1n el riesgo de que se propaguen enfermedades, especialmente las que se transmiten a trav\u00e9s del agua como el c\u00f3lera.<\/p>\n<p style=\"text-align: justify;\">En las \u00e1reas afectadas por el terremoto, como Sindhupalchok, Dolakha y Gorkha, el 73 por ciento de las instalaciones sanitarias que proporcionan cuidado materno han quedado da\u00f1adas o destruidas, dejando pocas opciones a las madres para recibir la atenci\u00f3n que necesitan.<\/p>\n<p style=\"text-align: justify;\">Vigilia por las v\u00edctimas<\/p>\n<p style=\"text-align: justify;\">El gobierno nepal\u00ed organiz\u00f3 hoy una una vigilia para recordad a las v\u00edctimas de la cat\u00e1strofe, en un pa\u00eds en el que la vida sigue a medias y la ayuda humanitaria todav\u00eda no llega.<\/p>\n<p style=\"text-align: justify;\">Miles de personas siguen viviendo en tiendas de campa\u00f1a en zonas al aire libre como la de Tudikhel, en pleno centro de Katmand\u00fa, mientras a su alrededor el tr\u00e1fico y el trasiego de gente hacen parecer que todo ha vuelto a la normalidad.<\/p>\n<p style=\"text-align: justify;\">\u00abA CASA NO PODEMOS VOLVER, PORQUE EST\u00c1 MUY DA\u00d1ADA, Y LAS OFICINAS EN LAS QUE TRABAJAMOS TAMBI\u00c9N, EST\u00c1N CERRADAS Y NADIE SABE SI REABRIR\u00c1N\u00bb<\/p>\n<p style=\"text-align: justify;\">\u00abA casa no podemos volver, porque aunque no se derrumb\u00f3 est\u00e1 muy da\u00f1ada, y las oficinas en las que trabajamos tambi\u00e9n, est\u00e1n cerradas y nadie sabe si reabrir\u00e1n\u00bb, afirm\u00f3 a Efe Rajendra Shrestha, un padre de familia que vive con su mujer e hijas cobijado bajo una lona desde que el terremoto del 25 de abril azot\u00f3 el pa\u00eds asi\u00e1tico.<\/p>\n<p style=\"text-align: justify;\">No lejos de all\u00ed, el paisaje de escombros es desde hace un mes la estampa diaria en la plaza Durbar, donde se concentra lo que queda de los conjuntos monumentales declarados Patrimonio de la Humanidad por la Unesco, cuyas ruinas se afanan en retirar cuadrillas de militares convertidos en la \u00fanica atracci\u00f3n para los turistas que acuden al lugar.<\/p>\n<p style=\"text-align: justify;\">El drama de miles de personas ha sido recordado hoy en \u00abLuz para Nepal\u00bb, un acto que reuni\u00f3 a decenas de asistentes en un c\u00e9ntrico parque de la capital nepal\u00ed, con un minuto de silencio y una vigilia con velas.<br \/>\nLos ni\u00f1os, entre el tr\u00e1fico y la desnutrici\u00f3n<\/p>\n<p style=\"text-align: justify;\">D\u00edas despu\u00e9s del primer terremoto, Unicef hab\u00eda alertado sobre los riesgos de que se produzca un incremento del tr\u00e1fico de ni\u00f1os en el pa\u00eds, que antes del terremoto ya ten\u00eda unos \u00edndices de explotaci\u00f3n infantil, de tr\u00e1fico de menores y de abuso y violencia \u00abmuy altos\u00bb, dijo la jefa de Protecci\u00f3n Infantil de Unicef en Nepal, Virginia P\u00e9rez.<\/p>\n<p style=\"text-align: justify;\">El organismo manifest\u00f3 su preocupaci\u00f3n por el movimiento ilegal de ni\u00f1os \u00aben medio del caos\u00bb asociado a cualquier emergencia, por lo que est\u00e1n trabajando con la Polic\u00eda y las autoridades fronterizas. \u00abNos preocupa evidentemente que vaya a m\u00e1s, y todo eso sumado al trauma que los ni\u00f1os est\u00e1n pasando ahora mismo\u00bb, agreg\u00f3 la especialista.<\/p>\n<p style=\"text-align: justify;\">Adem\u00e1s, la organizaci\u00f3n Plan Internacional urgi\u00f3 al Gobierno de Nepal a agilizar la reapertura de escuelas para ayudar a los ni\u00f1os afectados a recuperar cuanto antes la normalidad.<\/p>\n<p style=\"text-align: justify;\">Esta organizaci\u00f3n tiene el objetivo de abrir cien \u00abespacios amigos de la infancia\u00bb en las zonas afectadas por el se\u00edsmo, que acoger\u00e1n a 20.000 ni\u00f1os para que puedan continuar con su educaci\u00f3n y recibir apoyo psicosocial.<\/p>\n<p style=\"text-align: justify;\">Hasta la fecha, Plan Internacional ha entregado m\u00e1s de 26.000 kits con mantas y tiendas, m\u00e1s de 11.800 paquetes de alimentos y cerca de 42.600 equipos de purificaci\u00f3n de agua para 103.000 personas, de las que m\u00e1s 43.000 son menores de edad.(Agencias EFE. REUTERS, AFP)<\/p>\n","protected":false},"excerpt":{"rendered":"<p>Unicef estima que 70.000 ni\u00f1os menores de 5 a\u00f1os necesitan urgentemente ayuda nutricional para prevenir el deterioro de su estado<\/p>\n","protected":false},"author":1,"featured_media":0,"comment_status":"open","ping_status":"open","sticky":false,"template":"","format":"standard","meta":{"footnotes":""},"categories":[7],"tags":[],"_links":{"self":[{"href":"https:\/\/www.ecuadoraldia.com.ec\/index.php?rest_route=\/wp\/v2\/posts\/9316"}],"collection":[{"href":"https:\/\/www.ecuadoraldia.com.ec\/index.php?rest_route=\/wp\/v2\/posts"}],"about":[{"href":"https:\/\/www.ecuadoraldia.com.ec\/index.php?rest_route=\/wp\/v2\/types\/post"}],"author":[{"embeddable":true,"href":"https:\/\/www.ecuadoraldia.com.ec\/index.php?rest_route=\/wp\/v2\/users\/1"}],"replies":[{"embeddable":true,"href":"https:\/\/www.ecuadoraldia.com.ec\/index.php?rest_route=%2Fwp%2Fv2%2Fcomments&post=9316"}],"version-history":[{"count":2,"href":"https:\/\/www.ecuadoraldia.com.ec\/index.php?rest_route=\/wp\/v2\/posts\/9316\/revisions"}],"predecessor-version":[{"id":9319,"href":"https:\/\/www.ecuadoraldia.com.ec\/index.php?rest_route=\/wp\/v2\/posts\/9316\/revisions\/9319"}],"wp:attachment":[{"href":"https:\/\/www.ecuadoraldia.com.ec\/index.php?rest_route=%2Fwp%2Fv2%2Fmedia&parent=9316"}],"wp:term":[{"taxonomy":"category","embeddable":true,"href":"https:\/\/www.ecuadoraldia.com.ec\/index.php?rest_route=%2Fwp%2Fv2%2Fcategories&post=9316"},{"taxonomy":"post_tag","embeddable":true,"href":"https:\/\/www.ecuadoraldia.com.ec\/index.php?rest_route=%2Fwp%2Fv2%2Ftags&post=9316"}],"curies":[{"name":"wp","href":"https:\/\/api.w.org\/{rel}","templated":true}]}}