{"id":9324,"date":"2015-05-25T22:11:00","date_gmt":"2015-05-25T22:11:00","guid":{"rendered":"http:\/\/www.ecuadoraldia.com.ec\/?p=9324"},"modified":"2015-05-25T22:11:00","modified_gmt":"2015-05-25T22:11:00","slug":"un-avion-de-air-france-debio-ser-escoltado-por-cazas-militares","status":"publish","type":"post","link":"https:\/\/www.ecuadoraldia.com.ec\/?p=9324","title":{"rendered":"Un avi\u00f3n de Air France debi\u00f3 ser escoltado por cazas militares"},"content":{"rendered":"<p style=\"text-align: justify;\"><a href=\"http:\/\/www.ecuadoraldia.com.ec\/wp-content\/uploads\/2015\/05\/airfrance.jpg\"><img loading=\"lazy\" decoding=\"async\" class=\"alignleft size-medium wp-image-9325\" alt=\"airfrance\" src=\"http:\/\/www.ecuadoraldia.com.ec\/wp-content\/uploads\/2015\/05\/airfrance-300x168.jpg\" width=\"300\" height=\"168\" srcset=\"https:\/\/www.ecuadoraldia.com.ec\/wp-content\/uploads\/2015\/05\/airfrance-300x168.jpg 300w, https:\/\/www.ecuadoraldia.com.ec\/wp-content\/uploads\/2015\/05\/airfrance.jpg 370w\" sizes=\"(max-width: 300px) 100vw, 300px\" \/><\/a>Una aeronave de Air France procedente de Par\u00eds tuvo que ser escoltada hoy por aviones militares hasta el principal aeropuerto de Nueva York tras una amenaza que se realiz\u00f3 por medio de una llamada an\u00f3nima, informaron medios locales.<\/p>\n<p style=\"text-align: justify;\">Seg\u00fan la cadena de televisi\u00f3n ABC, el avi\u00f3n hab\u00eda despegado del aeropuerto parisino de Charles de Gaulle, con destino a la terminal a\u00e9rea JFK de Nueva York, pero cerca de completar el trayecto no respondi\u00f3 a llamadas de las autoridades.<\/p>\n<p style=\"text-align: justify;\">Minutos depu\u00e9s, y con la escolta militar, el vuelo 22 de Air France aterriz\u00f3 sin problemas, dijo un funcionario del aeropuerto.<\/p>\n<p style=\"text-align: justify;\">De acuerdo con la cadena NBC, la alarma surgi\u00f3 por una llamada an\u00f3nima que alertaba sobre la supuesta presencia de armas qu\u00edmicas a bordo de la aeronave, seg\u00fan fuentes no identificadas.<\/p>\n<p style=\"text-align: justify;\">La llamada an\u00f3nima fue hecha a la Polic\u00eda Estatal de Maryland el lunes por la ma\u00f1ana. \u00abFue una amenaza de bomba que involucraba a la aviaci\u00f3n comercial\u00bb, dijo la Polic\u00eda de Maryland en un comunicado.<\/p>\n<p style=\"text-align: justify;\">Aun as\u00ed, cuando la aeronave aterriz\u00f3 en el aeropuerto fue trasladada a un sector de la terminal a\u00e9rea para realizar una inspecci\u00f3n por parte de las autoridades policiales.<\/p>\n<p style=\"text-align: justify;\">Un vuelo de Saudi Arabian Airlines tambi\u00e9n fue inspeccionado a causa de otra amenaza. Se recibi\u00f3 una tercera amenaza en contra de un avi\u00f3n de American Airlines proveniente de Birmingham, Inglaterra, rumbo al JFK mientras se realizaba el trayecto, inform\u00f3 el vocero de la aerol\u00ednea, Kent Powell.<\/p>\n<p style=\"text-align: justify;\">Las autoridades informaron inicialmente al piloto que aterrizara en una posici\u00f3n remota de la terminar, pero m\u00e1s tarde le dijeron por radio que la amenaza no era cre\u00edble y que el avi\u00f3n contaba con la autorizaci\u00f3n para ir a la terminal, dijo Powell. (infobae)<\/p>\n","protected":false},"excerpt":{"rendered":"<p>Una aeronave de Air France procedente de Par\u00eds tuvo que ser escoltada hoy por aviones militares hasta el principal aeropuerto<\/p>\n","protected":false},"author":1,"featured_media":0,"comment_status":"open","ping_status":"open","sticky":false,"template":"","format":"standard","meta":{"footnotes":""},"categories":[7],"tags":[],"_links":{"self":[{"href":"https:\/\/www.ecuadoraldia.com.ec\/index.php?rest_route=\/wp\/v2\/posts\/9324"}],"collection":[{"href":"https:\/\/www.ecuadoraldia.com.ec\/index.php?rest_route=\/wp\/v2\/posts"}],"about":[{"href":"https:\/\/www.ecuadoraldia.com.ec\/index.php?rest_route=\/wp\/v2\/types\/post"}],"author":[{"embeddable":true,"href":"https:\/\/www.ecuadoraldia.com.ec\/index.php?rest_route=\/wp\/v2\/users\/1"}],"replies":[{"embeddable":true,"href":"https:\/\/www.ecuadoraldia.com.ec\/index.php?rest_route=%2Fwp%2Fv2%2Fcomments&post=9324"}],"version-history":[{"count":2,"href":"https:\/\/www.ecuadoraldia.com.ec\/index.php?rest_route=\/wp\/v2\/posts\/9324\/revisions"}],"predecessor-version":[{"id":9327,"href":"https:\/\/www.ecuadoraldia.com.ec\/index.php?rest_route=\/wp\/v2\/posts\/9324\/revisions\/9327"}],"wp:attachment":[{"href":"https:\/\/www.ecuadoraldia.com.ec\/index.php?rest_route=%2Fwp%2Fv2%2Fmedia&parent=9324"}],"wp:term":[{"taxonomy":"category","embeddable":true,"href":"https:\/\/www.ecuadoraldia.com.ec\/index.php?rest_route=%2Fwp%2Fv2%2Fcategories&post=9324"},{"taxonomy":"post_tag","embeddable":true,"href":"https:\/\/www.ecuadoraldia.com.ec\/index.php?rest_route=%2Fwp%2Fv2%2Ftags&post=9324"}],"curies":[{"name":"wp","href":"https:\/\/api.w.org\/{rel}","templated":true}]}}