{"id":9328,"date":"2015-05-25T22:25:49","date_gmt":"2015-05-25T22:25:49","guid":{"rendered":"http:\/\/www.ecuadoraldia.com.ec\/?p=9328"},"modified":"2015-05-25T22:25:49","modified_gmt":"2015-05-25T22:25:49","slug":"fotos-la-impactante-nueva-novia-de-cristiano-ronaldo","status":"publish","type":"post","link":"https:\/\/www.ecuadoraldia.com.ec\/?p=9328","title":{"rendered":"Fotos: la impactante nueva novia de Cristiano Ronaldo"},"content":{"rendered":"<p style=\"text-align: justify;\"><a href=\"http:\/\/www.ecuadoraldia.com.ec\/wp-content\/uploads\/2015\/05\/cr-1.jpg\"><img loading=\"lazy\" decoding=\"async\" class=\"alignleft size-medium wp-image-9329\" alt=\"cr 1\" src=\"http:\/\/www.ecuadoraldia.com.ec\/wp-content\/uploads\/2015\/05\/cr-1-300x168.jpg\" width=\"300\" height=\"168\" srcset=\"https:\/\/www.ecuadoraldia.com.ec\/wp-content\/uploads\/2015\/05\/cr-1-300x168.jpg 300w, https:\/\/www.ecuadoraldia.com.ec\/wp-content\/uploads\/2015\/05\/cr-1.jpg 770w\" sizes=\"(max-width: 300px) 100vw, 300px\" \/><\/a>Se trata de Alessia Tedeschi, una joven italiana conocida por ser ex pareja de un hijo de Silvio Berlusconi. Varios medios afirman que el jugador del Real Madrid comparti\u00f3 una cena con ella en Cannes<\/p>\n<p style=\"text-align: justify;\">El jugador portugu\u00e9s del Real Madrid, Cristiano Ronaldo, estar\u00eda en pareja con la bella modelo Alessia Tedeschi, ex novia de Luigi Berlusconi, hijo del ex primer ministro italiano, de acuerdo con el tabloide brit\u00e1nico The Mirror.<\/p>\n<p style=\"text-align: justify;\"><a href=\"http:\/\/www.ecuadoraldia.com.ec\/wp-content\/uploads\/2015\/05\/3-2-1.jpg\"><img loading=\"lazy\" decoding=\"async\" class=\"alignleft size-medium wp-image-9330\" alt=\"3 2 1\" src=\"http:\/\/www.ecuadoraldia.com.ec\/wp-content\/uploads\/2015\/05\/3-2-1-297x300.jpg\" width=\"297\" height=\"300\" srcset=\"https:\/\/www.ecuadoraldia.com.ec\/wp-content\/uploads\/2015\/05\/3-2-1-297x300.jpg 297w, https:\/\/www.ecuadoraldia.com.ec\/wp-content\/uploads\/2015\/05\/3-2-1.jpg 480w\" sizes=\"(max-width: 297px) 100vw, 297px\" \/><\/a>Al parecer, la joven italiana, de 24 a\u00f1os, consol\u00f3 a Ronaldo tras la derrota de su equipo en la semifinal de la Champions League contra la Juventus. Varios medios afirman que Alessia, finalista Miss Italia 2011, acept\u00f3 la invitaci\u00f3n vip del ex delantero del Manchester United para ver el partido antes de pasar la noche con \u00e9l.<\/p>\n<p style=\"text-align: justify;\">\nTras ese encuentro \u00edntimo, Tedeschi viaj\u00f3 en un jet privado a Cannes, Francia, para participar de una fiesta exclusiva con el futbolista y con otras estrellas, como Kelly Brook, Paris Hilton y Cara Delevingne.<\/p>\n<p style=\"text-align: justify;\">\n<a href=\"http:\/\/www.ecuadoraldia.com.ec\/wp-content\/uploads\/2015\/05\/3-2.jpg\"><img loading=\"lazy\" decoding=\"async\" class=\"alignleft size-medium wp-image-9331\" alt=\"3 2\" src=\"http:\/\/www.ecuadoraldia.com.ec\/wp-content\/uploads\/2015\/05\/3-2-292x300.jpg\" width=\"292\" height=\"300\" srcset=\"https:\/\/www.ecuadoraldia.com.ec\/wp-content\/uploads\/2015\/05\/3-2-292x300.jpg 292w, https:\/\/www.ecuadoraldia.com.ec\/wp-content\/uploads\/2015\/05\/3-2.jpg 479w\" sizes=\"(max-width: 292px) 100vw, 292px\" \/><\/a>Alessia fue la encargada de correr los rumores del supuesto romance tras publicar en Instagram una serie de fotos en el Bernab\u00e9u. Comparti\u00f3 tambi\u00e9n varias capturas en el Gran Premio de M\u00f3naco, donde estuvo Ronaldo.<\/p>\n<p style=\"text-align: justify;\">La ex novia de Ronaldo, Irina Shayk, est\u00e1 en pareja con la estrella de Hollywood Bradley Cooper. En tanto, el astro del f\u00fatbol est\u00e1 soltero desde diciembre luego de la ruptura con la modelo rusa tras cinco a\u00f1os de relaci\u00f3n.<\/p>\n<p style=\"text-align: justify;\">En el \u00faltimo tiempo se lo vincul\u00f3 con muchos mujeres, entre ellas, las presentadoras de la televisi\u00f3n Luc\u00eda Villal\u00f3n (espa\u00f1ola) y la mexicana Vanessa Huppenkothen. Tambi\u00e9n se lo relacion\u00f3 con la modelo brasile\u00f1a Andressa Urach, quien afirm\u00f3 en abril de 2013 que se hab\u00eda acostado con Cristiano en un <a href=\"http:\/\/www.ecuadoraldia.com.ec\/wp-content\/uploads\/2015\/05\/4.jpg\"><img loading=\"lazy\" decoding=\"async\" class=\"alignleft size-medium wp-image-9332\" alt=\"4\" src=\"http:\/\/www.ecuadoraldia.com.ec\/wp-content\/uploads\/2015\/05\/4-298x300.jpg\" width=\"298\" height=\"300\" srcset=\"https:\/\/www.ecuadoraldia.com.ec\/wp-content\/uploads\/2015\/05\/4-298x300.jpg 298w, https:\/\/www.ecuadoraldia.com.ec\/wp-content\/uploads\/2015\/05\/4-150x150.jpg 150w, https:\/\/www.ecuadoraldia.com.ec\/wp-content\/uploads\/2015\/05\/4.jpg 479w\" sizes=\"(max-width: 298px) 100vw, 298px\" \/><\/a>hotel de Madrid.(INFOBAE)<\/p>\n","protected":false},"excerpt":{"rendered":"<p>Se trata de Alessia Tedeschi, una joven italiana conocida por ser ex pareja de un hijo de Silvio Berlusconi. Varios<\/p>\n","protected":false},"author":1,"featured_media":0,"comment_status":"open","ping_status":"open","sticky":false,"template":"","format":"standard","meta":{"footnotes":""},"categories":[1],"tags":[],"_links":{"self":[{"href":"https:\/\/www.ecuadoraldia.com.ec\/index.php?rest_route=\/wp\/v2\/posts\/9328"}],"collection":[{"href":"https:\/\/www.ecuadoraldia.com.ec\/index.php?rest_route=\/wp\/v2\/posts"}],"about":[{"href":"https:\/\/www.ecuadoraldia.com.ec\/index.php?rest_route=\/wp\/v2\/types\/post"}],"author":[{"embeddable":true,"href":"https:\/\/www.ecuadoraldia.com.ec\/index.php?rest_route=\/wp\/v2\/users\/1"}],"replies":[{"embeddable":true,"href":"https:\/\/www.ecuadoraldia.com.ec\/index.php?rest_route=%2Fwp%2Fv2%2Fcomments&post=9328"}],"version-history":[{"count":2,"href":"https:\/\/www.ecuadoraldia.com.ec\/index.php?rest_route=\/wp\/v2\/posts\/9328\/revisions"}],"predecessor-version":[{"id":9334,"href":"https:\/\/www.ecuadoraldia.com.ec\/index.php?rest_route=\/wp\/v2\/posts\/9328\/revisions\/9334"}],"wp:attachment":[{"href":"https:\/\/www.ecuadoraldia.com.ec\/index.php?rest_route=%2Fwp%2Fv2%2Fmedia&parent=9328"}],"wp:term":[{"taxonomy":"category","embeddable":true,"href":"https:\/\/www.ecuadoraldia.com.ec\/index.php?rest_route=%2Fwp%2Fv2%2Fcategories&post=9328"},{"taxonomy":"post_tag","embeddable":true,"href":"https:\/\/www.ecuadoraldia.com.ec\/index.php?rest_route=%2Fwp%2Fv2%2Ftags&post=9328"}],"curies":[{"name":"wp","href":"https:\/\/api.w.org\/{rel}","templated":true}]}}