{"id":9335,"date":"2015-05-25T22:29:08","date_gmt":"2015-05-25T22:29:08","guid":{"rendered":"http:\/\/www.ecuadoraldia.com.ec\/?p=9335"},"modified":"2015-05-25T22:29:08","modified_gmt":"2015-05-25T22:29:08","slug":"real-madrid-despidio-oficialmente-a-carlo-ancelotti","status":"publish","type":"post","link":"https:\/\/www.ecuadoraldia.com.ec\/?p=9335","title":{"rendered":"Real Madrid despidi\u00f3 oficialmente a Carlo Ancelotti"},"content":{"rendered":"<p style=\"text-align: justify;\"><a href=\"http:\/\/www.ecuadoraldia.com.ec\/wp-content\/uploads\/2015\/05\/despido12.jpg\"><img loading=\"lazy\" decoding=\"async\" class=\"alignleft size-medium wp-image-9336\" alt=\"despido12\" src=\"http:\/\/www.ecuadoraldia.com.ec\/wp-content\/uploads\/2015\/05\/despido12-300x168.jpg\" width=\"300\" height=\"168\" srcset=\"https:\/\/www.ecuadoraldia.com.ec\/wp-content\/uploads\/2015\/05\/despido12-300x168.jpg 300w, https:\/\/www.ecuadoraldia.com.ec\/wp-content\/uploads\/2015\/05\/despido12.jpg 770w\" sizes=\"(max-width: 300px) 100vw, 300px\" \/><\/a>Cr\u00e9dito: EFE. \u00abHe adoptado la decisi\u00f3n de relevar a Carlo Ancelotti como entrenador del Real Madrid. No ha sido una decisi\u00f3n f\u00e1cil pero es momento de dar un nuevo impulso al equipo para conquistar nuevos t\u00edtulos\u00bb. Florentino P\u00e9rez, mandam\u00e1s del Real Madrid, hizo oficial este lunes las versiones de prensa que situaban al t\u00e9cnico italiano fuera del Santiago Bernab\u00e9u.<\/p>\n<p style=\"text-align: justify;\">El presidente agradeci\u00f3 el trabajo de Ancelotti que llev\u00f3 al Real Madrid a conquistar la ansiada d\u00e9cima copa de Europa hace un a\u00f1o y explic\u00f3 los motivos de su decisi\u00f3n: \u00abLa exigencia aqu\u00ed es de tal naturaleza que queremos alcanzar nuestro m\u00e1ximo nivel competitivo. Nunca hay culpable. El puesto de entrenador sufre a deterioro\u00bb.<\/p>\n<p style=\"text-align: justify;\">\u00abLos jugadores han manifestado el cari\u00f1o que le tienen. Es el mismo que le tengo yo y los aficionados. Se ha ganado el cari\u00f1o de la junta directiva, tambi\u00e9n el de la afici\u00f3n y forma parte de nuestra historia\u00bb, a\u00f1adi\u00f3.<\/p>\n<p style=\"text-align: justify;\">\nNueve entrenadores en 12 a\u00f1os, registra el historial del Real Madrid bajo el mandato de Florentino P\u00e9rez: Del Bosque, Queiroz, Camacho, Garc\u00eda-Rem\u00f3n, Luxemburgo, L\u00f3pez Caro, Pellegrini, Mourinho y Ancelotti.<\/p>\n<p style=\"text-align: justify;\">El d\u00e9cimo se conocer\u00e1 la pr\u00f3xima semana y el presidente dej\u00f3 una pista: \u00abSer\u00eda muy bueno que el nuevo entrenador hablase castellano\u00bb.(EFE)<\/p>\n","protected":false},"excerpt":{"rendered":"<p>Cr\u00e9dito: EFE. \u00abHe adoptado la decisi\u00f3n de relevar a Carlo Ancelotti como entrenador del Real Madrid. No ha sido una<\/p>\n","protected":false},"author":1,"featured_media":0,"comment_status":"open","ping_status":"open","sticky":false,"template":"","format":"standard","meta":{"footnotes":""},"categories":[10],"tags":[],"_links":{"self":[{"href":"https:\/\/www.ecuadoraldia.com.ec\/index.php?rest_route=\/wp\/v2\/posts\/9335"}],"collection":[{"href":"https:\/\/www.ecuadoraldia.com.ec\/index.php?rest_route=\/wp\/v2\/posts"}],"about":[{"href":"https:\/\/www.ecuadoraldia.com.ec\/index.php?rest_route=\/wp\/v2\/types\/post"}],"author":[{"embeddable":true,"href":"https:\/\/www.ecuadoraldia.com.ec\/index.php?rest_route=\/wp\/v2\/users\/1"}],"replies":[{"embeddable":true,"href":"https:\/\/www.ecuadoraldia.com.ec\/index.php?rest_route=%2Fwp%2Fv2%2Fcomments&post=9335"}],"version-history":[{"count":2,"href":"https:\/\/www.ecuadoraldia.com.ec\/index.php?rest_route=\/wp\/v2\/posts\/9335\/revisions"}],"predecessor-version":[{"id":9339,"href":"https:\/\/www.ecuadoraldia.com.ec\/index.php?rest_route=\/wp\/v2\/posts\/9335\/revisions\/9339"}],"wp:attachment":[{"href":"https:\/\/www.ecuadoraldia.com.ec\/index.php?rest_route=%2Fwp%2Fv2%2Fmedia&parent=9335"}],"wp:term":[{"taxonomy":"category","embeddable":true,"href":"https:\/\/www.ecuadoraldia.com.ec\/index.php?rest_route=%2Fwp%2Fv2%2Fcategories&post=9335"},{"taxonomy":"post_tag","embeddable":true,"href":"https:\/\/www.ecuadoraldia.com.ec\/index.php?rest_route=%2Fwp%2Fv2%2Ftags&post=9335"}],"curies":[{"name":"wp","href":"https:\/\/api.w.org\/{rel}","templated":true}]}}