{"id":9340,"date":"2015-05-25T22:35:29","date_gmt":"2015-05-25T22:35:29","guid":{"rendered":"http:\/\/www.ecuadoraldia.com.ec\/?p=9340"},"modified":"2015-05-25T22:35:29","modified_gmt":"2015-05-25T22:35:29","slug":"dictan-prision-preventiva-contra-asambleista-de-pais-y-otras-2-personas-mas","status":"publish","type":"post","link":"https:\/\/www.ecuadoraldia.com.ec\/?p=9340","title":{"rendered":"Dictan prisi\u00f3n preventiva contra asamble\u00edsta de PAIS y otras 2 personas m\u00e1s"},"content":{"rendered":"<figure id=\"attachment_9341\" aria-describedby=\"caption-attachment-9341\" style=\"width: 300px\" class=\"wp-caption alignleft\"><a href=\"http:\/\/www.ecuadoraldia.com.ec\/wp-content\/uploads\/2015\/05\/corte.jpg\"><img loading=\"lazy\" decoding=\"async\" class=\"size-medium wp-image-9341\" alt=\"fot twitter\" src=\"http:\/\/www.ecuadoraldia.com.ec\/wp-content\/uploads\/2015\/05\/corte-300x169.jpg\" width=\"300\" height=\"169\" srcset=\"https:\/\/www.ecuadoraldia.com.ec\/wp-content\/uploads\/2015\/05\/corte-300x169.jpg 300w, https:\/\/www.ecuadoraldia.com.ec\/wp-content\/uploads\/2015\/05\/corte.jpg 600w\" sizes=\"(max-width: 300px) 100vw, 300px\" \/><\/a><figcaption id=\"caption-attachment-9341\" class=\"wp-caption-text\">fot twitter<\/figcaption><\/figure>\n<p style=\"text-align: justify;\">La jueza nacional Silvia S\u00e1nchez dict\u00f3 este lunes prisi\u00f3n preventiva contra Mar\u00eda Esperanza Galv\u00e1n asamble\u00edsta de Alianza PAIS, y otras 2 personas m\u00e1s.<\/p>\n<p style=\"text-align: justify;\">Seg\u00fan inform\u00f3 la Fiscal\u00eda General del Estado en su cuenta de Twitter, el proceso contra la legisladora y las otras personas ser\u00e1 con base en el Art. 280.3 del C\u00f3digo Org\u00e1nico Integral Penal que tipifica el delito de cohecho.<\/p>\n<p style=\"text-align: justify;\">El cohecho, seg\u00fan la Fiscal\u00eda, habr\u00eda ocurrido a trav\u00e9s de un contrato de servicio de cambio de tuber\u00eda de agua potable de Esmeraldas.<\/p>\n<p style=\"text-align: justify;\">La instrucci\u00f3n fiscal por presunto cometimiento de cohecho durar\u00e1 90 d\u00edas.<\/p>\n<p style=\"text-align: justify;\">Esta tarde se desarroll\u00f3 la audiencia de formulaci\u00f3n de cargos en la Corte Nacional de Justicia.<\/p>\n<p style=\"text-align: justify;\">El vicepresidente Jorge Glas se\u00f1al\u00f3 que la semana pasada puso en la Fiscal\u00eda la denuncia en contra de la asamble\u00edsta M.E.G, luego de determinarse \u00abmuestras de enriquecimiento por parte de algunos funcionarios en Esmeraldas\u00bb.<\/p>\n<p style=\"text-align: justify;\">Glas identific\u00f3 en una rueda de prensa a Mar\u00eda Esperanza Galv\u00e1n como la legisladora detenida la tarde del 24 de mayo, para ser investigada por acusaciones de corrupci\u00f3n. Adem\u00e1s, de la detenci\u00f3n del exdirector de Alianza PAIS en Esmeraldas, Miguel Salvatierra Barber\u00e1n, a quien describi\u00f3 como \u201cantiguo gerente de la empresa potable de Esmeraldas\u201d, y a una tercera persona que habr\u00eda sido part\u00edcipe de los hechos de corrupci\u00f3n, a quien identific\u00f3 como Walter De la Torre Cevallos.<\/p>\n","protected":false},"excerpt":{"rendered":"<p>La jueza nacional Silvia S\u00e1nchez dict\u00f3 este lunes prisi\u00f3n preventiva contra Mar\u00eda Esperanza Galv\u00e1n asamble\u00edsta de Alianza PAIS, y otras<\/p>\n","protected":false},"author":1,"featured_media":0,"comment_status":"open","ping_status":"open","sticky":false,"template":"","format":"standard","meta":{"footnotes":""},"categories":[1],"tags":[],"_links":{"self":[{"href":"https:\/\/www.ecuadoraldia.com.ec\/index.php?rest_route=\/wp\/v2\/posts\/9340"}],"collection":[{"href":"https:\/\/www.ecuadoraldia.com.ec\/index.php?rest_route=\/wp\/v2\/posts"}],"about":[{"href":"https:\/\/www.ecuadoraldia.com.ec\/index.php?rest_route=\/wp\/v2\/types\/post"}],"author":[{"embeddable":true,"href":"https:\/\/www.ecuadoraldia.com.ec\/index.php?rest_route=\/wp\/v2\/users\/1"}],"replies":[{"embeddable":true,"href":"https:\/\/www.ecuadoraldia.com.ec\/index.php?rest_route=%2Fwp%2Fv2%2Fcomments&post=9340"}],"version-history":[{"count":2,"href":"https:\/\/www.ecuadoraldia.com.ec\/index.php?rest_route=\/wp\/v2\/posts\/9340\/revisions"}],"predecessor-version":[{"id":9343,"href":"https:\/\/www.ecuadoraldia.com.ec\/index.php?rest_route=\/wp\/v2\/posts\/9340\/revisions\/9343"}],"wp:attachment":[{"href":"https:\/\/www.ecuadoraldia.com.ec\/index.php?rest_route=%2Fwp%2Fv2%2Fmedia&parent=9340"}],"wp:term":[{"taxonomy":"category","embeddable":true,"href":"https:\/\/www.ecuadoraldia.com.ec\/index.php?rest_route=%2Fwp%2Fv2%2Fcategories&post=9340"},{"taxonomy":"post_tag","embeddable":true,"href":"https:\/\/www.ecuadoraldia.com.ec\/index.php?rest_route=%2Fwp%2Fv2%2Ftags&post=9340"}],"curies":[{"name":"wp","href":"https:\/\/api.w.org\/{rel}","templated":true}]}}