{"id":9348,"date":"2015-05-26T19:55:27","date_gmt":"2015-05-26T19:55:27","guid":{"rendered":"http:\/\/www.ecuadoraldia.com.ec\/?p=9348"},"modified":"2015-05-26T19:55:27","modified_gmt":"2015-05-26T19:55:27","slug":"la-contraloria-investigara-patrimonio-de-asambleistas","status":"publish","type":"post","link":"https:\/\/www.ecuadoraldia.com.ec\/?p=9348","title":{"rendered":"La contralor\u00eda investigar\u00e1 Patrimonio de asamble\u00edstas"},"content":{"rendered":"<p style=\"text-align: justify;\"><a href=\"http:\/\/www.ecuadoraldia.com.ec\/wp-content\/uploads\/2015\/05\/contra.jpg\"><img loading=\"lazy\" decoding=\"async\" class=\"alignleft size-medium wp-image-9349\" alt=\"contra\" src=\"http:\/\/www.ecuadoraldia.com.ec\/wp-content\/uploads\/2015\/05\/contra-300x167.jpg\" width=\"300\" height=\"167\" srcset=\"https:\/\/www.ecuadoraldia.com.ec\/wp-content\/uploads\/2015\/05\/contra-300x167.jpg 300w, https:\/\/www.ecuadoraldia.com.ec\/wp-content\/uploads\/2015\/05\/contra.jpg 342w\" sizes=\"(max-width: 300px) 100vw, 300px\" \/><\/a>El contralor general del Estado, Carlos P\u00f3lit, se\u00f1al\u00f3 que en 40 d\u00edas estar\u00e1n listos los resultados del examen especial solicitado por el Consejo Administrativo de la Legislatura (CAL) para los 137 legisladores que conforman la Asamblea Nacional.<\/p>\n<p style=\"text-align: justify;\">El pedido lo hizooficialmente cerca del medio d\u00eda de este martes la titular de la Legislatura, Gabriela Rivadeneira, luego de una reuni\u00f3n que mantuvo el (CAL), en la que, adem\u00e1s se analiz\u00f3 el presunto caso de corrupci\u00f3n en el que est\u00e1 vinculada una asamble\u00edsta de AP de la provincia de Esmeraldas.<\/p>\n<p style=\"text-align: justify;\">La Presidenta de la Asamblea inform\u00f3 que pedir\u00e1n a la Fiscal\u00eda que investigue posibles casos de corrupci\u00f3n de anteriores periodos legislativos.<\/p>\n<p style=\"text-align: justify;\">trasa el pedido de la Presidenta de la asamblea, el contralor, Carlos Polit, revel\u00f3 que en Esmeraldas se han detectado 115 casos de responsabilidad con indicios de responsabilidad penal, entre ellos el caso de la Empresa de Agua potable que se investiga por supuesta corrupci\u00f3n.<\/p>\n<p style=\"text-align: justify;\">El CAL est\u00e1 presidido por Rivadeneira, adem\u00e1s lo conforman las vicepresidentas de la Asamblea Roxana Alvarado y Marcela Agui\u00f1aga. Tambi\u00e9n est\u00e1n Fausto Cayambe, Carlos Bergman y Ver\u00f3nica Arias.<\/p>\n<p style=\"text-align: justify;\">\nEn la legislatura. los asamble\u00edats no temen que se investigue sus cuentas. Milt\u00f3n Gual\u00e1n, de la Unidad de las Izquierdas,se\u00f1al\u00f3 que en lo personal no tiene nada que temar, puesto que cuando asumi\u00f3 el cargo en reemplazo del congresista Kl\u00e9ver Jim\u00e9nez, hizo su declaraci\u00f3n juramentada de bienes<\/p>\n","protected":false},"excerpt":{"rendered":"<p>El contralor general del Estado, Carlos P\u00f3lit, se\u00f1al\u00f3 que en 40 d\u00edas estar\u00e1n listos los resultados del examen especial solicitado<\/p>\n","protected":false},"author":1,"featured_media":0,"comment_status":"open","ping_status":"open","sticky":false,"template":"","format":"standard","meta":{"footnotes":""},"categories":[1],"tags":[],"_links":{"self":[{"href":"https:\/\/www.ecuadoraldia.com.ec\/index.php?rest_route=\/wp\/v2\/posts\/9348"}],"collection":[{"href":"https:\/\/www.ecuadoraldia.com.ec\/index.php?rest_route=\/wp\/v2\/posts"}],"about":[{"href":"https:\/\/www.ecuadoraldia.com.ec\/index.php?rest_route=\/wp\/v2\/types\/post"}],"author":[{"embeddable":true,"href":"https:\/\/www.ecuadoraldia.com.ec\/index.php?rest_route=\/wp\/v2\/users\/1"}],"replies":[{"embeddable":true,"href":"https:\/\/www.ecuadoraldia.com.ec\/index.php?rest_route=%2Fwp%2Fv2%2Fcomments&post=9348"}],"version-history":[{"count":1,"href":"https:\/\/www.ecuadoraldia.com.ec\/index.php?rest_route=\/wp\/v2\/posts\/9348\/revisions"}],"predecessor-version":[{"id":9350,"href":"https:\/\/www.ecuadoraldia.com.ec\/index.php?rest_route=\/wp\/v2\/posts\/9348\/revisions\/9350"}],"wp:attachment":[{"href":"https:\/\/www.ecuadoraldia.com.ec\/index.php?rest_route=%2Fwp%2Fv2%2Fmedia&parent=9348"}],"wp:term":[{"taxonomy":"category","embeddable":true,"href":"https:\/\/www.ecuadoraldia.com.ec\/index.php?rest_route=%2Fwp%2Fv2%2Fcategories&post=9348"},{"taxonomy":"post_tag","embeddable":true,"href":"https:\/\/www.ecuadoraldia.com.ec\/index.php?rest_route=%2Fwp%2Fv2%2Ftags&post=9348"}],"curies":[{"name":"wp","href":"https:\/\/api.w.org\/{rel}","templated":true}]}}