{"id":9352,"date":"2015-05-26T20:44:45","date_gmt":"2015-05-26T20:44:45","guid":{"rendered":"http:\/\/www.ecuadoraldia.com.ec\/?p=9352"},"modified":"2015-05-26T20:44:45","modified_gmt":"2015-05-26T20:44:45","slug":"correa-insto-a-ciudadanos-a-denunciar-la-corrupcion","status":"publish","type":"post","link":"https:\/\/www.ecuadoraldia.com.ec\/?p=9352","title":{"rendered":"Correa: Inst\u00f3 a ciudadanos a denunciar la corrupci\u00f3n"},"content":{"rendered":"<p style=\"text-align: justify;\"><a href=\"http:\/\/www.ecuadoraldia.com.ec\/wp-content\/uploads\/2015\/05\/CORREA-LAGOAGRIO_.jpg\"><img loading=\"lazy\" decoding=\"async\" class=\"alignleft size-medium wp-image-9353\" alt=\"CORREA-LAGOAGRIO_\" src=\"http:\/\/www.ecuadoraldia.com.ec\/wp-content\/uploads\/2015\/05\/CORREA-LAGOAGRIO_-300x168.jpg\" width=\"300\" height=\"168\" srcset=\"https:\/\/www.ecuadoraldia.com.ec\/wp-content\/uploads\/2015\/05\/CORREA-LAGOAGRIO_-300x168.jpg 300w, https:\/\/www.ecuadoraldia.com.ec\/wp-content\/uploads\/2015\/05\/CORREA-LAGOAGRIO_.jpg 450w\" sizes=\"(max-width: 300px) 100vw, 300px\" \/><\/a>El presidente de la Rep\u00fablica, Rafael Correa, solicit\u00f3 hoy a la ciudadan\u00eda denunciar cualquier acto de corrupci\u00f3n, mientras a los funcionarios p\u00fablicos les exigi\u00f3 honradez. Sus declaraciones se dieron en el marco de la inauguraci\u00f3n del Centro de Atenci\u00f3n Ciudadana (CAC) en Lago Agrio.<\/p>\n<p style=\"text-align: justify;\">\u00abEsto no es solo bueno para los usuarios, sino tambi\u00e9n para nuestros servidores p\u00fablicos que tienen derecho a trabajar en dignidad, pero tambi\u00e9n les vamos a exigir una atenci\u00f3n de calidad y calidez, pero sobre todo de honradez. El d\u00eda domingo denunciamos en el Informe a la Naci\u00f3n un caso que nos llena de verg\u00fcenza como revoluci\u00f3n, pero preferimos pasar esa verg\u00fcenza a ocultar, ser c\u00f3mplices de la corrupci\u00f3n\u00bb, sostuvo Correa al referirse al caso de cohecho en el que est\u00e1 implicada una asamble\u00edsta de Alianza PAIS y otras 2 personas.<\/p>\n<p style=\"text-align: justify;\">\u00abSeremos los primeros en denunciar la corrupci\u00f3n. Todos a luchar contra este mal social, este c\u00e1ncer social que es la corrupci\u00f3n, que no depende del Gobierno, aqu\u00ed creen que todo depende del Gobierno, hay un accidente de tr\u00e1nsito, la culpa es del Gobierno por falta de control, (pero) \u00bfd\u00f3nde est\u00e1 la responsabilidad de cada uno, d\u00f3nde est\u00e1 esa cultura de cada ciudadano? La lucha contra la corrupci\u00f3n es la lucha de todo un pueblo, sino no la podremos vencer\u00bb, agreg\u00f3 el Mandatario.<\/p>\n<p style=\"text-align: justify;\">De all\u00ed que inst\u00f3 a los ciudadanos a que denuncien cualquier irregularidad. \u00abSi alguien les pide una coima, den\u00fancienlo. Y ustedes servidores p\u00fablicos, si alguien les ofrece una coima, den\u00fancienlo tambi\u00e9n, porque es igual de corrupto el corruptor como el que recibe esa coima\u00bb, subray\u00f3.<\/p>\n<p style=\"text-align: justify;\">Correa tambi\u00e9n hizo tambi\u00e9n un llamado a los contratistas. \u00abSi alguien les pide una comisi\u00f3n, den\u00fancienlo y tendr\u00e1n todo el apoyo del Gobierno nacional, pero jam\u00e1s se presten a estas cosas. Todos a luchar contra la corrupci\u00f3n\u00bb, les dijo.<\/p>\n","protected":false},"excerpt":{"rendered":"<p>El presidente de la Rep\u00fablica, Rafael Correa, solicit\u00f3 hoy a la ciudadan\u00eda denunciar cualquier acto de corrupci\u00f3n, mientras a los<\/p>\n","protected":false},"author":1,"featured_media":0,"comment_status":"open","ping_status":"open","sticky":false,"template":"","format":"standard","meta":{"footnotes":""},"categories":[1],"tags":[],"_links":{"self":[{"href":"https:\/\/www.ecuadoraldia.com.ec\/index.php?rest_route=\/wp\/v2\/posts\/9352"}],"collection":[{"href":"https:\/\/www.ecuadoraldia.com.ec\/index.php?rest_route=\/wp\/v2\/posts"}],"about":[{"href":"https:\/\/www.ecuadoraldia.com.ec\/index.php?rest_route=\/wp\/v2\/types\/post"}],"author":[{"embeddable":true,"href":"https:\/\/www.ecuadoraldia.com.ec\/index.php?rest_route=\/wp\/v2\/users\/1"}],"replies":[{"embeddable":true,"href":"https:\/\/www.ecuadoraldia.com.ec\/index.php?rest_route=%2Fwp%2Fv2%2Fcomments&post=9352"}],"version-history":[{"count":2,"href":"https:\/\/www.ecuadoraldia.com.ec\/index.php?rest_route=\/wp\/v2\/posts\/9352\/revisions"}],"predecessor-version":[{"id":9355,"href":"https:\/\/www.ecuadoraldia.com.ec\/index.php?rest_route=\/wp\/v2\/posts\/9352\/revisions\/9355"}],"wp:attachment":[{"href":"https:\/\/www.ecuadoraldia.com.ec\/index.php?rest_route=%2Fwp%2Fv2%2Fmedia&parent=9352"}],"wp:term":[{"taxonomy":"category","embeddable":true,"href":"https:\/\/www.ecuadoraldia.com.ec\/index.php?rest_route=%2Fwp%2Fv2%2Fcategories&post=9352"},{"taxonomy":"post_tag","embeddable":true,"href":"https:\/\/www.ecuadoraldia.com.ec\/index.php?rest_route=%2Fwp%2Fv2%2Ftags&post=9352"}],"curies":[{"name":"wp","href":"https:\/\/api.w.org\/{rel}","templated":true}]}}