{"id":9356,"date":"2015-05-26T20:48:08","date_gmt":"2015-05-26T20:48:08","guid":{"rendered":"http:\/\/www.ecuadoraldia.com.ec\/?p=9356"},"modified":"2015-05-26T20:48:08","modified_gmt":"2015-05-26T20:48:08","slug":"lago-agrio-cuenta-con-centro-de-atencion-ciudadana","status":"publish","type":"post","link":"https:\/\/www.ecuadoraldia.com.ec\/?p=9356","title":{"rendered":"Lago Agrio cuenta con Centro de Atenci\u00f3n Ciudadana"},"content":{"rendered":"<p style=\"text-align: justify;\"><a href=\"http:\/\/www.ecuadoraldia.com.ec\/wp-content\/uploads\/2015\/05\/C-A-C-LAGOAGRIO.jpg\"><img loading=\"lazy\" decoding=\"async\" class=\"alignleft size-medium wp-image-9357\" alt=\"C A C LAGOAGRIO\" src=\"http:\/\/www.ecuadoraldia.com.ec\/wp-content\/uploads\/2015\/05\/C-A-C-LAGOAGRIO-300x168.jpg\" width=\"300\" height=\"168\" srcset=\"https:\/\/www.ecuadoraldia.com.ec\/wp-content\/uploads\/2015\/05\/C-A-C-LAGOAGRIO-300x168.jpg 300w, https:\/\/www.ecuadoraldia.com.ec\/wp-content\/uploads\/2015\/05\/C-A-C-LAGOAGRIO.jpg 450w\" sizes=\"(max-width: 300px) 100vw, 300px\" \/><\/a>El Presidente de la Rep\u00fablica visit\u00f3 el Nuevo Centro de Atenci\u00f3n Ciudadana (CAC). La obra fue construida en 21 meses y se invirti\u00f3 $20 millones.<\/p>\n<p style=\"text-align: justify;\">Antes este espacio era una obra muerta, pues la exadministraci\u00f3n del Movimiento Popular Democr\u00e1tico (MPD) planeaba construir un centro comercial, pero el alto costo del proyecto hizo que el Municipio deje la obra abandonada.<\/p>\n<p style=\"text-align: justify;\">Durante el recorrido, el Primer Mandatario estuvo acompa\u00f1ado por varios ministros de Estado y autoridades locales.<\/p>\n<p style=\"text-align: justify;\">En el Centro de Atenci\u00f3n Ciudadana funcionan 40 instituciones p\u00fablicas, donde trabajan 466 funcionarios. Esta obra estuvo a cargo del Servicio de Gesti\u00f3n Inmobiliaria del Sector P\u00fablico (Inmobiliar). Tiene 13.000 metros cuadrados, lo que lo convierte en el m\u00e1s grande del pa\u00eds.<\/p>\n<p style=\"text-align: justify;\">Jhofre Poma, gobernador de Sucumb\u00edos, se\u00f1al\u00f3 que esta obra representa un cambio para la ciudad. Coment\u00f3 que la Amazon\u00eda ya no es aquella regi\u00f3n olvidada, en la cual las petroleras hac\u00edan lo que quer\u00edan.<\/p>\n<p style=\"text-align: justify;\">Por su parte Jorge Carrera, gerente de Inmobiliar, dijo que el CAC facilitar\u00e1 el acceso a los servicios p\u00fablicos a la ciudadan\u00eda, pues durante sus primeros meses de gesti\u00f3n recibi\u00f3 a 4.700 usuarios.<\/p>\n<p style=\"text-align: justify;\">As\u00ed mismo, el Primer Mandatario indic\u00f3 que este Gobierno transform\u00f3 la realidad hist\u00f3rica de la Amazon\u00eda y que incluso los grupos de oposici\u00f3n se congregan en obras realizadas por el Gobierno.<\/p>\n<p style=\"text-align: justify;\">\u00abAqu\u00ed empez\u00f3 la explotaci\u00f3n petr\u00f3lera, hace 50 a\u00f1os este sector fue un pozo petrolero de Texaco, ya ahora es una de las provincias m\u00e1s pobladas de la regi\u00f3n (&#8230;) Este CAC es el primero de la Amazon\u00eda y el m\u00e1s grande del pa\u00eds\u00bb, dijo Correa.<\/p>\n<p style=\"text-align: justify;\">El Jefe de Estado tambi\u00e9n inaugurar\u00e1 hoy una nueva planta de agua potable, el Parque Ecol\u00f3gico Nueva Loja y el Museo de la Energ\u00eda(El tel\u00e9grafo)<\/p>\n","protected":false},"excerpt":{"rendered":"<p>El Presidente de la Rep\u00fablica visit\u00f3 el Nuevo Centro de Atenci\u00f3n Ciudadana (CAC). La obra fue construida en 21 meses<\/p>\n","protected":false},"author":1,"featured_media":0,"comment_status":"open","ping_status":"open","sticky":false,"template":"","format":"standard","meta":{"footnotes":""},"categories":[11],"tags":[],"_links":{"self":[{"href":"https:\/\/www.ecuadoraldia.com.ec\/index.php?rest_route=\/wp\/v2\/posts\/9356"}],"collection":[{"href":"https:\/\/www.ecuadoraldia.com.ec\/index.php?rest_route=\/wp\/v2\/posts"}],"about":[{"href":"https:\/\/www.ecuadoraldia.com.ec\/index.php?rest_route=\/wp\/v2\/types\/post"}],"author":[{"embeddable":true,"href":"https:\/\/www.ecuadoraldia.com.ec\/index.php?rest_route=\/wp\/v2\/users\/1"}],"replies":[{"embeddable":true,"href":"https:\/\/www.ecuadoraldia.com.ec\/index.php?rest_route=%2Fwp%2Fv2%2Fcomments&post=9356"}],"version-history":[{"count":2,"href":"https:\/\/www.ecuadoraldia.com.ec\/index.php?rest_route=\/wp\/v2\/posts\/9356\/revisions"}],"predecessor-version":[{"id":9359,"href":"https:\/\/www.ecuadoraldia.com.ec\/index.php?rest_route=\/wp\/v2\/posts\/9356\/revisions\/9359"}],"wp:attachment":[{"href":"https:\/\/www.ecuadoraldia.com.ec\/index.php?rest_route=%2Fwp%2Fv2%2Fmedia&parent=9356"}],"wp:term":[{"taxonomy":"category","embeddable":true,"href":"https:\/\/www.ecuadoraldia.com.ec\/index.php?rest_route=%2Fwp%2Fv2%2Fcategories&post=9356"},{"taxonomy":"post_tag","embeddable":true,"href":"https:\/\/www.ecuadoraldia.com.ec\/index.php?rest_route=%2Fwp%2Fv2%2Ftags&post=9356"}],"curies":[{"name":"wp","href":"https:\/\/api.w.org\/{rel}","templated":true}]}}