{"id":9360,"date":"2015-05-26T20:51:06","date_gmt":"2015-05-26T20:51:06","guid":{"rendered":"http:\/\/www.ecuadoraldia.com.ec\/?p=9360"},"modified":"2015-05-26T20:51:06","modified_gmt":"2015-05-26T20:51:06","slug":"valencia-nojugara-en-la-copa-america","status":"publish","type":"post","link":"https:\/\/www.ecuadoraldia.com.ec\/?p=9360","title":{"rendered":"Valencia nojugar\u00e1 en la Copa Am\u00e9rica"},"content":{"rendered":"<p><a href=\"http:\/\/www.ecuadoraldia.com.ec\/wp-content\/uploads\/2015\/05\/26-05-15-Antonio-VALENCIA.jpg\"><img loading=\"lazy\" decoding=\"async\" class=\"alignleft size-medium wp-image-9361\" alt=\"26-05-15-Antonio-VALENCIA\" src=\"http:\/\/www.ecuadoraldia.com.ec\/wp-content\/uploads\/2015\/05\/26-05-15-Antonio-VALENCIA-300x178.jpg\" width=\"300\" height=\"178\" srcset=\"https:\/\/www.ecuadoraldia.com.ec\/wp-content\/uploads\/2015\/05\/26-05-15-Antonio-VALENCIA-300x178.jpg 300w, https:\/\/www.ecuadoraldia.com.ec\/wp-content\/uploads\/2015\/05\/26-05-15-Antonio-VALENCIA.jpg 450w\" sizes=\"(max-width: 300px) 100vw, 300px\" \/><\/a>El entrenador de la selecci\u00f3n ecuatoriana de f\u00fatbol, Gustavo Quinteros, confirm\u00f3 en exclusiva para FAN\u00c1TICO que el volante del Manchester United Antonio Valencia, se perder\u00e1 la Copa Am\u00e9rica de Chile debido a un intervenci\u00f3n quir\u00fargica.<\/p>\n<p>Quinteros coment\u00f3 que el jugador habl\u00f3 con \u00e9l para comunicarle de la situaci\u00f3n. \u00abS\u00ed, queda fuera de la Copa, lamentablemente\u00bb.<\/p>\n<p>El t\u00e9cnico dijo tambi\u00e9n que supo del problema de Valencia luego de nombrar a los 30 jugadores pre-seleccionados. \u00abMe enter\u00e9 despu\u00e9s que di la lista, apenas hace unos d\u00edas\u201d.<\/p>\n<p>El entrenador asegur\u00f3 que el reemplazo del volante del United saldr\u00e1 de los 30 futbolistas que ya ha convocado para el torneo m\u00e1s importante del Sur de Am\u00e9rica.<\/p>\n","protected":false},"excerpt":{"rendered":"<p>El entrenador de la selecci\u00f3n ecuatoriana de f\u00fatbol, Gustavo Quinteros, confirm\u00f3 en exclusiva para FAN\u00c1TICO que el volante del Manchester<\/p>\n","protected":false},"author":1,"featured_media":0,"comment_status":"open","ping_status":"open","sticky":false,"template":"","format":"standard","meta":{"footnotes":""},"categories":[10],"tags":[],"_links":{"self":[{"href":"https:\/\/www.ecuadoraldia.com.ec\/index.php?rest_route=\/wp\/v2\/posts\/9360"}],"collection":[{"href":"https:\/\/www.ecuadoraldia.com.ec\/index.php?rest_route=\/wp\/v2\/posts"}],"about":[{"href":"https:\/\/www.ecuadoraldia.com.ec\/index.php?rest_route=\/wp\/v2\/types\/post"}],"author":[{"embeddable":true,"href":"https:\/\/www.ecuadoraldia.com.ec\/index.php?rest_route=\/wp\/v2\/users\/1"}],"replies":[{"embeddable":true,"href":"https:\/\/www.ecuadoraldia.com.ec\/index.php?rest_route=%2Fwp%2Fv2%2Fcomments&post=9360"}],"version-history":[{"count":2,"href":"https:\/\/www.ecuadoraldia.com.ec\/index.php?rest_route=\/wp\/v2\/posts\/9360\/revisions"}],"predecessor-version":[{"id":9363,"href":"https:\/\/www.ecuadoraldia.com.ec\/index.php?rest_route=\/wp\/v2\/posts\/9360\/revisions\/9363"}],"wp:attachment":[{"href":"https:\/\/www.ecuadoraldia.com.ec\/index.php?rest_route=%2Fwp%2Fv2%2Fmedia&parent=9360"}],"wp:term":[{"taxonomy":"category","embeddable":true,"href":"https:\/\/www.ecuadoraldia.com.ec\/index.php?rest_route=%2Fwp%2Fv2%2Fcategories&post=9360"},{"taxonomy":"post_tag","embeddable":true,"href":"https:\/\/www.ecuadoraldia.com.ec\/index.php?rest_route=%2Fwp%2Fv2%2Ftags&post=9360"}],"curies":[{"name":"wp","href":"https:\/\/api.w.org\/{rel}","templated":true}]}}