{"id":9648,"date":"2015-06-06T23:12:25","date_gmt":"2015-06-06T23:12:25","guid":{"rendered":"http:\/\/www.ecuadoraldia.com.ec\/?p=9648"},"modified":"2015-06-06T23:12:25","modified_gmt":"2015-06-06T23:12:25","slug":"cancilleria-ecuatoriana-rechaza-declaraciones-de-roberta-jacobson-sobre-libertad-de-expresion","status":"publish","type":"post","link":"https:\/\/www.ecuadoraldia.com.ec\/?p=9648","title":{"rendered":"Canciller\u00eda ecuatoriana rechaza declaraciones de Roberta Jacobson sobre libertad de expresi\u00f3n"},"content":{"rendered":"<p style=\"text-align: justify;\"><a href=\"http:\/\/www.ecuadoraldia.com.ec\/wp-content\/uploads\/2015\/06\/rp.jpg\"><img loading=\"lazy\" decoding=\"async\" class=\"alignleft size-medium wp-image-9649\" src=\"http:\/\/www.ecuadoraldia.com.ec\/wp-content\/uploads\/2015\/06\/rp-300x200.jpg\" alt=\"rp\" width=\"300\" height=\"200\" srcset=\"https:\/\/www.ecuadoraldia.com.ec\/wp-content\/uploads\/2015\/06\/rp-300x200.jpg 300w, https:\/\/www.ecuadoraldia.com.ec\/wp-content\/uploads\/2015\/06\/rp.jpg 599w\" sizes=\"(max-width: 300px) 100vw, 300px\" \/><\/a>El Gobierno a trav\u00e9s de la Canciller\u00eda public\u00f3 un comunicado en rechazo a las declaraciones que Roberta Jacobson, Secretaria del Departamento de Estados Unidos para el hemisferio Occidental, realiz\u00f3 el pasado jueves 4 de julio.<\/p>\n<p style=\"text-align: justify;\">La funcionaria tuit\u00e9o un mensaje en referencia a la multa que la Supercom (Superintendencia de la Informaci\u00f3n y Comunicaci\u00f3n) aplic\u00f3 a Teleamazonas con $ 1.770, por la emisi\u00f3n del programa de lucha libre \u00abRAW\u00bb, de la franquicia WWE fuera del horario establecido para este tipo de producciones.<\/p>\n<p style=\"text-align: justify;\">Jacobson hizo un \u00abLLamado al gob de #Ecuador para que respete la libertad de expresi\u00f3n y la #libertaddeprensa como derechos democr\u00e1ticos fundamentales\u00bb.<\/p>\n<p style=\"text-align: justify;\">El canciller Ricardo Pati\u00f1o afirm\u00f3 que no contestar\u00e1n directamente en las redes sociales tal afirmaci\u00f3n, pero que s\u00ed enviar\u00e1n una carta con recortes de peri\u00f3dico \u201cpara que las env\u00ede a sus presos en Guant\u00e1namo\u201d.<\/p>\n<p style=\"text-align: justify;\">Tambi\u00e9n se\u00f1al\u00f3 que la misiva recopilar\u00e1 informaci\u00f3n sobre la situaci\u00f3n de la prensa local.<\/p>\n<p style=\"text-align: justify;\">Pati\u00f1o desestim\u00f3 las afirmaciones de Jacobson y sostuvo que \u201cno tiene la calidad moral para venir a hablar de respeto a libertades\u201d.<\/p>\n<p style=\"text-align: justify;\">El comunicado que el Gobierno ecuatoriano public\u00f3 desde la ma\u00f1ana de hoy en la web de la Canciller\u00eda expone lo siguiente:<\/p>\n<p style=\"text-align: justify;\">\u00abLa Canciller\u00eda de Ecuador rechaza las desatinadas expresiones de la Subsecretaria para asuntos del Hemisferio Occidental del Departamento de Estado de Estados Unidos vinculadas con la supuesta defensa del Derecho a la Libertad de Expresi\u00f3n.<\/p>\n<p style=\"text-align: justify;\">Ecuador reitera que mantendr\u00e1 firme su pol\u00edtica de defensa de todos los Derechos Humanos en el marco de la igualdad, interdependencia e indivisibilidad de los mismos, entendiendo el derecho a la comunicaci\u00f3n y a la informaci\u00f3n como un derecho integral y no como la defensa a los medios de comunicaci\u00f3n hegem\u00f3nicos.<\/p>\n<p style=\"text-align: justify;\">El Gobierno de Ecuador hace propicia la ocasi\u00f3n para reiterar el llamado al Gobierno de Estados Unidos a ratificar todos los instrumentos internacionales de Derechos Humanos tanto en el marco del Sistema Interamericano de Derechos Humanos en donde no ha reconocido ninguno de ellos, as\u00ed como en el marco de las Naciones Unidas en donde ha recibido preocupantes recomendaciones por el alto nivel de incumplimiento de los Pactos de los que forma parte.<\/p>\n<p style=\"text-align: justify;\">Ecuador insta a Estados Unidos a adoptar las medidas urgentes para poner fin a las ejecuciones extrajudiciales, asesinatos selectivos con aviones no tripulados (drones), la discriminaci\u00f3n racial y la violencia policial, la tortura en centros de detenci\u00f3n ilegales extraterritoriales, el espionaje masivo, la pena de muerte, la restricci\u00f3n de derechos a las personas en movilidad humana, la violencia ocasionada por armas de fuego, y la impunidad persistente frente a las violaciones a los derechos humanos cometidas en acciones fuera de su territorio\u00bb.(cancilleria)<\/p>\n","protected":false},"excerpt":{"rendered":"<p>El Gobierno a trav\u00e9s de la Canciller\u00eda public\u00f3 un comunicado en rechazo a las declaraciones que Roberta Jacobson, Secretaria del<\/p>\n","protected":false},"author":1,"featured_media":0,"comment_status":"open","ping_status":"open","sticky":false,"template":"","format":"standard","meta":{"footnotes":""},"categories":[3],"tags":[],"_links":{"self":[{"href":"https:\/\/www.ecuadoraldia.com.ec\/index.php?rest_route=\/wp\/v2\/posts\/9648"}],"collection":[{"href":"https:\/\/www.ecuadoraldia.com.ec\/index.php?rest_route=\/wp\/v2\/posts"}],"about":[{"href":"https:\/\/www.ecuadoraldia.com.ec\/index.php?rest_route=\/wp\/v2\/types\/post"}],"author":[{"embeddable":true,"href":"https:\/\/www.ecuadoraldia.com.ec\/index.php?rest_route=\/wp\/v2\/users\/1"}],"replies":[{"embeddable":true,"href":"https:\/\/www.ecuadoraldia.com.ec\/index.php?rest_route=%2Fwp%2Fv2%2Fcomments&post=9648"}],"version-history":[{"count":1,"href":"https:\/\/www.ecuadoraldia.com.ec\/index.php?rest_route=\/wp\/v2\/posts\/9648\/revisions"}],"predecessor-version":[{"id":9650,"href":"https:\/\/www.ecuadoraldia.com.ec\/index.php?rest_route=\/wp\/v2\/posts\/9648\/revisions\/9650"}],"wp:attachment":[{"href":"https:\/\/www.ecuadoraldia.com.ec\/index.php?rest_route=%2Fwp%2Fv2%2Fmedia&parent=9648"}],"wp:term":[{"taxonomy":"category","embeddable":true,"href":"https:\/\/www.ecuadoraldia.com.ec\/index.php?rest_route=%2Fwp%2Fv2%2Fcategories&post=9648"},{"taxonomy":"post_tag","embeddable":true,"href":"https:\/\/www.ecuadoraldia.com.ec\/index.php?rest_route=%2Fwp%2Fv2%2Ftags&post=9648"}],"curies":[{"name":"wp","href":"https:\/\/api.w.org\/{rel}","templated":true}]}}