{"id":9654,"date":"2015-06-06T23:19:11","date_gmt":"2015-06-06T23:19:11","guid":{"rendered":"http:\/\/www.ecuadoraldia.com.ec\/?p=9654"},"modified":"2015-06-06T23:19:11","modified_gmt":"2015-06-06T23:19:11","slug":"correa-presento-los-beneficios-de-la-nueva-tabla-de-impuestos-del-proyecto-de-ley-de-herencias","status":"publish","type":"post","link":"https:\/\/www.ecuadoraldia.com.ec\/?p=9654","title":{"rendered":"Correa present\u00f3 los beneficios de la nueva tabla de impuestos del proyecto de Ley de Herencias"},"content":{"rendered":"<p>&nbsp;<\/p>\n<p style=\"text-align: justify;\"><a href=\"http:\/\/www.ecuadoraldia.com.ec\/wp-content\/uploads\/2015\/06\/Rafael-Correa.jpg\"><img loading=\"lazy\" decoding=\"async\" class=\"alignleft size-medium wp-image-9655\" src=\"http:\/\/www.ecuadoraldia.com.ec\/wp-content\/uploads\/2015\/06\/Rafael-Correa-300x191.jpg\" alt=\"Rafael-Correa\" width=\"300\" height=\"191\" srcset=\"https:\/\/www.ecuadoraldia.com.ec\/wp-content\/uploads\/2015\/06\/Rafael-Correa-300x191.jpg 300w, https:\/\/www.ecuadoraldia.com.ec\/wp-content\/uploads\/2015\/06\/Rafael-Correa-1024x653.jpg 1024w, https:\/\/www.ecuadoraldia.com.ec\/wp-content\/uploads\/2015\/06\/Rafael-Correa.jpg 1600w\" sizes=\"(max-width: 300px) 100vw, 300px\" \/><\/a>El proyecto de ley para el impuesto a las herencias fue analizado por el presidente Rafael Correa, durante el Enlace n\u00famero 427 que se desarroll\u00f3 en la parroquia de Chilibulo, en Quito.<\/p>\n<p style=\"text-align: justify;\">A prop\u00f3sito del env\u00edo del borrador del proyecto de Ley Org\u00e1nica para la Redistribuci\u00f3n de la Riqueza a la Asamblea, el d\u00eda de ayer en horas de la noche con car\u00e1cter de urgente, el mandatario aclar\u00f3 una serie de conjeturas que circularon por parte de grupos opositores analizando, con ejemplos, los impuestos que se aplicar\u00e1n seg\u00fan las tablas sugeridas en el documento.<\/p>\n<p style=\"text-align: justify;\">Primero habl\u00f3 de la primera tabla para herederos no directos, que present\u00f3 el s\u00e1bado pasado durante el Enlace anterior.<\/p>\n<p style=\"text-align: justify;\">\u00abYo present\u00e9 un impuesto bastante progresivo con un impuesto mayor de 77,5%. Salieron diciendo que era confiscatorio, como que si a todo se le iba a cobrar (esta tasa). No nos coman al cuento. Por ejemplo, se paga 77,5% desde $2 adicionales a $ 849.600. El \u00faltimo d\u00f3lar paga 77,5%. Todos los anteriores pagan una tasa inferior y los primeros pagan cero. El tipo promedio lo que efectivamente se paga impuesto no del tipo marginal, lo que est\u00e1 al margen y con eso nos enga\u00f1aron\u00bb, explic\u00f3 Correa.<\/p>\n<p style=\"text-align: justify;\">Adem\u00e1s aclar\u00f3 que este proyecto que ha entregado a la Asamblea deber\u00e1 ser discutido.<\/p>\n<p style=\"text-align: justify;\">A continuaci\u00f3n present\u00f3 la nueva tabla con una tasa marginal m\u00e1s baja para herederos directos, que cuenta b\u00e1sicamente con las mismas categor\u00edas que la primera, pero \u00abtruncadas\u00bb porque van hasta 566.400 y que llega a un impuesto marginal de 47,50%.<\/p>\n<p style=\"text-align: justify;\"><a href=\"http:\/\/www.ecuadoraldia.com.ec\/wp-content\/uploads\/2015\/06\/tabla-herencia1.jpg\"><img loading=\"lazy\" decoding=\"async\" class=\"alignleft size-medium wp-image-9656\" src=\"http:\/\/www.ecuadoraldia.com.ec\/wp-content\/uploads\/2015\/06\/tabla-herencia1-300x122.jpg\" alt=\"tabla herencia1\" width=\"300\" height=\"122\" srcset=\"https:\/\/www.ecuadoraldia.com.ec\/wp-content\/uploads\/2015\/06\/tabla-herencia1-300x122.jpg 300w, https:\/\/www.ecuadoraldia.com.ec\/wp-content\/uploads\/2015\/06\/tabla-herencia1-1024x417.jpg 1024w\" sizes=\"(max-width: 300px) 100vw, 300px\" \/><\/a>Fuente: Servicios de Rentas InternasFuente: Servicios de Rentas Internas<\/p>\n<p style=\"text-align: justify;\">De acuerdo a los c\u00e1lculos, \u00abSi reciben una herencia hasta de $35.400, pagan cero compa\u00f1eros\u00bb, aclar\u00f3.<\/p>\n<p>En relaci\u00f3n a herencias de vivienda el Ejecutivo hizo otro an\u00e1lisis. \u00abSuponiendo que recibo $70.800 \u00bfsaben cu\u00e1l es el impuesto que voy a pagar? , 1,25%. Y por si acaso, como la mayor parte de las herencias son viviendas para habitar , no para vender, hemos puesto que en el caso de vivienda, incluso hasta $ 70.800 se pague cero. Para plata en efectivo, para terrenos bald\u00edos, etc., $70.800 en ese tramo pagar\u00e1 2,5%, lo que nos da un impuesto promedio de 1.25%\u00bb.<\/p>\n<p style=\"text-align: justify;\">Agreg\u00f3 que en caso de que la persona est\u00e9 viviendo con su padre o madre, \u00abla mitad va a la mam\u00e1 y la otra mitad va a los hijos. La sociedad conyugal siempre paga cero, as\u00ed sea una mansi\u00f3n de un mill\u00f3n de d\u00f3lares. Con eso nos quisieron enga\u00f1ar tambi\u00e9n. La tabla est\u00e1 muy bien dise\u00f1ada, esto no es para los pobres que nunca heredan, ni para la clase media que hereda poco. Esto es para las grandes fortunas compa\u00f1eros, que se mantienen a trav\u00e9s del tiempo\u00bb.<\/p>\n<p style=\"text-align: justify;\">Est\u00e1n defendiendo las dinast\u00edas, es un capitalismo anacr\u00f3nico, concentrado en pocos grupos familiares y eso no es bueno para la sociedad, eso es malo.<\/p>\n<p style=\"text-align: justify;\">Ante un titular de un diario local sobre el impuesto a las herencias, Correa se\u00f1al\u00f3: \u00abtitulares como estos nos demuestran que ciertos gremios empresariales lo que quieren es defender las dinast\u00edas, no las empresas. T\u00e9cnicamente no tendr\u00eda que afectar en absoluto el impuesto a la herencia la marcha de la empresa, es que no est\u00e1n defendiendo a las empresas, sino a las dinast\u00edas\u00bb.<\/p>\n<p>En otro ejemplo, explic\u00f3 que si alguien recibe un aproximado de $141.000 en herencia \u00abcon los \u00faltimos d\u00f3lares paga 7,5%, pero con los primeros d\u00f3lares no pag\u00f3 nada. Por los segundos d\u00f3lares pag\u00f3 2,5%, entonces en promedio lo que va a pagar apenas es % 4,38 \u00bfles parece razonable o no?\u00bb, especific\u00f3.<\/p>\n<p style=\"text-align: justify;\">Ante el caso de una persona que reciba una herencia de $ 50.000, de acuerdo a lo se\u00f1alado en la tabla con el impuesto marginal del 2,5%, se pagar\u00eda tan solo $365, lo cual es significado de un impuesto del 0,7% \u00aby nos dijeron que era un impuesto confiscatorio, \u00bfse dan cuenta c\u00f3mo nos enga\u00f1an?, porque le hicieron creer que todo el mundo iba a pagar lo m\u00e1ximo 47,5% \u00f3 77,5%. Que no nos enga\u00f1en. Y por si acaso, si es una vivienda que vale $ 50.000 paga 0, porque en el proyecto de ley que he mandado a la Asamblea, para el caso de vivienda donde se va a habitar, no vivienda para negocio que se va a vender, el deducible son 200 salarios b\u00e1sicos, es decir $70.800. Entonces, esto es cierto si me dan plata en terrenos bald\u00edos, pero si me dan viviendas paga cero\u00bb, describi\u00f3.<\/p>\n<p style=\"text-align: justify;\">Correa inform\u00f3 que 3 de cada 1.000 ecuatorianos reciben una herencia cada a\u00f1o y tan solo 3 de cada 100.000 reciben una herencia mayor a $ 50.000.<\/p>\n<p>El caso de una persona que reciba $ 1 mill\u00f3n fue detallado en la tabla que a continuaci\u00f3n se proyecto durante el Enlace, seg\u00fan datos proporcionados por el SRI.<\/p>\n<p><a href=\"http:\/\/www.ecuadoraldia.com.ec\/wp-content\/uploads\/2015\/06\/tabla2.jpg\"><img loading=\"lazy\" decoding=\"async\" class=\"alignleft size-medium wp-image-9657\" src=\"http:\/\/www.ecuadoraldia.com.ec\/wp-content\/uploads\/2015\/06\/tabla2-300x164.jpg\" alt=\"tabla2\" width=\"300\" height=\"164\" srcset=\"https:\/\/www.ecuadoraldia.com.ec\/wp-content\/uploads\/2015\/06\/tabla2-300x164.jpg 300w, https:\/\/www.ecuadoraldia.com.ec\/wp-content\/uploads\/2015\/06\/tabla2-1024x559.jpg 1024w\" sizes=\"(max-width: 300px) 100vw, 300px\" \/><\/a><br \/>\nFuente: SRIFuente: SRI<br \/>\nSe inform\u00f3 adem\u00e1s que aquellos que tendr\u00e1n exenci\u00f3n adicional de 100 salarios b\u00e1sicos unificados a la franja exenta ser\u00e1n:<\/p>\n<p>1.- Los hijos o padres beneficiarios de herencias, legados o donaciones de una vivienda.<\/p>\n<p>2.- Los hijos menores de edad del causante o donante.<\/p>\n<p>3.- Los hijos del causante o donante que tenga una incapacidad.<br \/>\nFinalmente, se expuso que el proyecto de ley establece que el impuesto podr\u00e1 pagarse tambi\u00e9n en acciones a los trabajadores.<\/p>\n<p>Con esto \u00abse democratiza la propiedad de medios de producci\u00f3n; se demuestra que no es una medida recaudatoria; y el Estado no recibe ni un centavo\u00bb.<\/p>\n","protected":false},"excerpt":{"rendered":"<p>&nbsp; El proyecto de ley para el impuesto a las herencias fue analizado por el presidente Rafael Correa, durante el<\/p>\n","protected":false},"author":1,"featured_media":0,"comment_status":"open","ping_status":"open","sticky":false,"template":"","format":"standard","meta":{"footnotes":""},"categories":[1],"tags":[],"_links":{"self":[{"href":"https:\/\/www.ecuadoraldia.com.ec\/index.php?rest_route=\/wp\/v2\/posts\/9654"}],"collection":[{"href":"https:\/\/www.ecuadoraldia.com.ec\/index.php?rest_route=\/wp\/v2\/posts"}],"about":[{"href":"https:\/\/www.ecuadoraldia.com.ec\/index.php?rest_route=\/wp\/v2\/types\/post"}],"author":[{"embeddable":true,"href":"https:\/\/www.ecuadoraldia.com.ec\/index.php?rest_route=\/wp\/v2\/users\/1"}],"replies":[{"embeddable":true,"href":"https:\/\/www.ecuadoraldia.com.ec\/index.php?rest_route=%2Fwp%2Fv2%2Fcomments&post=9654"}],"version-history":[{"count":1,"href":"https:\/\/www.ecuadoraldia.com.ec\/index.php?rest_route=\/wp\/v2\/posts\/9654\/revisions"}],"predecessor-version":[{"id":9658,"href":"https:\/\/www.ecuadoraldia.com.ec\/index.php?rest_route=\/wp\/v2\/posts\/9654\/revisions\/9658"}],"wp:attachment":[{"href":"https:\/\/www.ecuadoraldia.com.ec\/index.php?rest_route=%2Fwp%2Fv2%2Fmedia&parent=9654"}],"wp:term":[{"taxonomy":"category","embeddable":true,"href":"https:\/\/www.ecuadoraldia.com.ec\/index.php?rest_route=%2Fwp%2Fv2%2Fcategories&post=9654"},{"taxonomy":"post_tag","embeddable":true,"href":"https:\/\/www.ecuadoraldia.com.ec\/index.php?rest_route=%2Fwp%2Fv2%2Ftags&post=9654"}],"curies":[{"name":"wp","href":"https:\/\/api.w.org\/{rel}","templated":true}]}}