{"id":9662,"date":"2015-06-07T23:20:02","date_gmt":"2015-06-07T23:20:02","guid":{"rendered":"http:\/\/www.ecuadoraldia.com.ec\/?p=9662"},"modified":"2015-06-07T23:21:02","modified_gmt":"2015-06-07T23:21:02","slug":"cordicom-se-pronuncia-sobre-el-uso-de-imagen-de-mafia-chumi-en-la-tv","status":"publish","type":"post","link":"https:\/\/www.ecuadoraldia.com.ec\/?p=9662","title":{"rendered":"Cordicom se pronuncia sobre el uso de imagen de &#8216;Mafia chumi&#8217; en la TV"},"content":{"rendered":"<p style=\"text-align: justify;\"><a href=\"http:\/\/www.ecuadoraldia.com.ec\/wp-content\/uploads\/2015\/06\/pronunciamiento.jpg\"><img loading=\"lazy\" decoding=\"async\" class=\"alignleft size-medium wp-image-9663\" src=\"http:\/\/www.ecuadoraldia.com.ec\/wp-content\/uploads\/2015\/06\/pronunciamiento-240x300.jpg\" alt=\"pronunciamiento\" width=\"240\" height=\"300\" srcset=\"https:\/\/www.ecuadoraldia.com.ec\/wp-content\/uploads\/2015\/06\/pronunciamiento-240x300.jpg 240w, https:\/\/www.ecuadoraldia.com.ec\/wp-content\/uploads\/2015\/06\/pronunciamiento.jpg 267w\" sizes=\"(max-width: 240px) 100vw, 240px\" \/><\/a>El Consejo de Regulaci\u00f3n y Desarrollo de la Informaci\u00f3n y Comunicaci\u00f3n, ante peticiones ciudadanas, ha observado que el programa de far\u00e1ndula \u201cVamos con todo\u201d, difundido en RTS, un medio televisivo de alcance nacional, estar\u00eda incurriendo en un acto de discriminaci\u00f3n al utilizar, con prop\u00f3sitos sensacionalistas y bajo el pretexto de \u201cdarle una oportunidad\u201d y \u201crehabilitarla de las drogas\u201d la imagen de una mujer afro, joven y madre soltera conocida como \u201cMafia Chumi\u201d. En este contexto y en el \u00e1mbito de la prevenci\u00f3n de afectaciones a los derechos de las personas y grupos sociales, especialmente de la mujer afro, as\u00ed como en defensa de una comunicaci\u00f3n responsable, el Cordicom manifiesta lo siguiente:<\/p>\n<p style=\"text-align: justify;\">El Estado ha propuesto una pol\u00edtica de lucha contra las drogas que responde a los requerimientos del conjunto de la poblaci\u00f3n, con particular \u00e9nfasis en la salud, seguridad y la prevenci\u00f3n integral en los grupos socio econ\u00f3micos m\u00e1s vulnerables, dentro de un marco de irrestricto respeto a los Derechos Humanos para evitar su estigmatizaci\u00f3n.<\/p>\n<p style=\"text-align: justify;\">La Constituci\u00f3n de la Rep\u00fablica de Ecuador, en el art\u00edculo 46, compromete al Estado a velar por el inter\u00e9s superior de ni\u00f1as, ni\u00f1os y adolescentes a trav\u00e9s de la adopci\u00f3n de medidas de prevenci\u00f3n que eviten la utilizaci\u00f3n de estupefacientes, psicotr\u00f3picos u otras sustancias nocivas para la salud as\u00ed como tambi\u00e9n implementar acciones frente a programas o mensajes, difundidos a trav\u00e9s de cualquier medio, que promuevan la apolog\u00eda de la toxicoman\u00eda.<\/p>\n<p style=\"text-align: justify;\">El consumo de alcohol y drogas en el Ecuador es un fen\u00f3meno social que hay que abordarlo de manera integral, tal como lo viene ejecutando instituciones como el Consejo Nacional de Control de Sustancias Estupefacientes y Psicotr\u00f3picas, CONSEP. En ese empe\u00f1o y frente a la problem\u00e1tica que es de dominio general, necesitamos generar compromisos colectivos y estrategias de comunicaci\u00f3n que permitan sensibilizar al grupo objetivo de adolescentes, j\u00f3venes y la familia ecuatoriana en general, frente al uso de drogas.<\/p>\n<p style=\"text-align: justify;\">En este marco, apegados a nuestro principio de defensa irrestricta de la dignidad humana expresamos nuestra inquietud por el aprovechamiento de la condici\u00f3n y la imagen, bajo supuestos de \u201credenci\u00f3n social\u201d de una persona, cuya notoriedad la ha alcanzado, en las redes sociales, con la exhibici\u00f3n p\u00fablica de sus adicciones y el uso de un lenguaje desenfadado, violento y procaz, viralizado en Internet con un video que adem\u00e1s expone a menores de edad.<\/p>\n<p style=\"text-align: justify;\">Cabe mencionar que este no es el primer caso de este af\u00e1n despiadado de los medios por ganar audiencia. El programa, con el objetivo descrito, comete una pr\u00e1ctica re\u00f1ida con la \u00e9tica, banaliza la profesi\u00f3n period\u00edstica y refuerza estereotipos sobre la mujer y sobre una poblaci\u00f3n que ha sufrido hist\u00f3ricamente la exclusi\u00f3n. Aqu\u00ed se presenta al \u201cpobre, delincuente y drogadicto\u201d como sujeto susceptible de \u201cregenerarse\u201d con la concesi\u00f3n graciosa de un programa que ofrece oportunidades siempre y cuando haga de su vida un espect\u00e1culo. Uno de los principales efectos de estos programas y del tratamiento de los temas que abordan es que podr\u00eda resultar en la apolog\u00eda de la representaci\u00f3n negativa de la mujer, de los afro descendientes, de los j\u00f3venes y de las personas de escasos recursos econ\u00f3micos.<\/p>\n<p style=\"text-align: justify;\">El refuerzo de creencias y practicas negativas que distorsionan la realidad de grupos vulnerables afecta el derecho a la igualdad de sus integrantes y propician entornos poco favorables e inclusive, hostiles; adem\u00e1s reafirma relaciones e interacciones sociales inaceptables en una sociedad democr\u00e1tica. En ese sentido, es importante constatar que luego del anuncio de la incorporaci\u00f3n de \u201cMafia Chumi\u201d a RTS, en las mismas redes sociales surgieron mensajes discriminatorios.<\/p>\n<p style=\"text-align: justify;\">Por ello, exhortamos a los medios de comunicaci\u00f3n a evitar la legitimaci\u00f3n de pr\u00e1cticas o representaciones que podr\u00edan lesionar la convivencia democr\u00e1tica y pac\u00edfica de las personas y evitar mensajes que, a\u00fan a guisa de entretenimiento, perpet\u00faen la discriminaci\u00f3n y el menoscabo de los derechos humanos a una comunicaci\u00f3n intercultural, incluyente, participativa y con responsabilidad social. (El tel\u00e9grafo)<\/p>\n","protected":false},"excerpt":{"rendered":"<p>El Consejo de Regulaci\u00f3n y Desarrollo de la Informaci\u00f3n y Comunicaci\u00f3n, ante peticiones ciudadanas, ha observado que el programa de<\/p>\n","protected":false},"author":1,"featured_media":0,"comment_status":"open","ping_status":"open","sticky":false,"template":"","format":"standard","meta":{"footnotes":""},"categories":[11],"tags":[],"_links":{"self":[{"href":"https:\/\/www.ecuadoraldia.com.ec\/index.php?rest_route=\/wp\/v2\/posts\/9662"}],"collection":[{"href":"https:\/\/www.ecuadoraldia.com.ec\/index.php?rest_route=\/wp\/v2\/posts"}],"about":[{"href":"https:\/\/www.ecuadoraldia.com.ec\/index.php?rest_route=\/wp\/v2\/types\/post"}],"author":[{"embeddable":true,"href":"https:\/\/www.ecuadoraldia.com.ec\/index.php?rest_route=\/wp\/v2\/users\/1"}],"replies":[{"embeddable":true,"href":"https:\/\/www.ecuadoraldia.com.ec\/index.php?rest_route=%2Fwp%2Fv2%2Fcomments&post=9662"}],"version-history":[{"count":1,"href":"https:\/\/www.ecuadoraldia.com.ec\/index.php?rest_route=\/wp\/v2\/posts\/9662\/revisions"}],"predecessor-version":[{"id":9664,"href":"https:\/\/www.ecuadoraldia.com.ec\/index.php?rest_route=\/wp\/v2\/posts\/9662\/revisions\/9664"}],"wp:attachment":[{"href":"https:\/\/www.ecuadoraldia.com.ec\/index.php?rest_route=%2Fwp%2Fv2%2Fmedia&parent=9662"}],"wp:term":[{"taxonomy":"category","embeddable":true,"href":"https:\/\/www.ecuadoraldia.com.ec\/index.php?rest_route=%2Fwp%2Fv2%2Fcategories&post=9662"},{"taxonomy":"post_tag","embeddable":true,"href":"https:\/\/www.ecuadoraldia.com.ec\/index.php?rest_route=%2Fwp%2Fv2%2Ftags&post=9662"}],"curies":[{"name":"wp","href":"https:\/\/api.w.org\/{rel}","templated":true}]}}