{"id":9665,"date":"2015-06-08T19:41:05","date_gmt":"2015-06-08T19:41:05","guid":{"rendered":"http:\/\/www.ecuadoraldia.com.ec\/?p=9665"},"modified":"2015-06-08T19:41:05","modified_gmt":"2015-06-08T19:41:05","slug":"cal-calificara-manana-proyecto-de-ley-de-herencias","status":"publish","type":"post","link":"https:\/\/www.ecuadoraldia.com.ec\/?p=9665","title":{"rendered":"CAL calificar\u00e1 ma\u00f1ana  proyecto de Ley de Herencias"},"content":{"rendered":"<p style=\"text-align: justify;\"><a href=\"http:\/\/www.ecuadoraldia.com.ec\/wp-content\/uploads\/2015\/06\/08-06-15-CAL_.jpg\"><img loading=\"lazy\" decoding=\"async\" class=\"alignleft size-medium wp-image-9666\" src=\"http:\/\/www.ecuadoraldia.com.ec\/wp-content\/uploads\/2015\/06\/08-06-15-CAL_-300x200.jpg\" alt=\"08-06-15 CAL_\" width=\"300\" height=\"200\" srcset=\"https:\/\/www.ecuadoraldia.com.ec\/wp-content\/uploads\/2015\/06\/08-06-15-CAL_-300x200.jpg 300w, https:\/\/www.ecuadoraldia.com.ec\/wp-content\/uploads\/2015\/06\/08-06-15-CAL_.jpg 635w\" sizes=\"(max-width: 300px) 100vw, 300px\" \/><\/a>Gabriela Rivadeneira, presidenta de la Asamblea, convoc\u00f3 ma\u00f1ana a los integrantes del Consejo de la Administraci\u00f3n Legislativa (CAL), quienes deber\u00e1n avocar conocimiento sobre el proyecto de Ley de Herencias.<\/p>\n<p style=\"text-align: justify;\">La normativa fue enviada por el Ejecutivo el viernes a las 20:44. El CAL deber\u00e1 disponer la mesa legislativa que analice la normativa que tiene el car\u00e1cter de econ\u00f3mica urgente; es decir, el Legislativo tendr\u00e1 30 d\u00edas para aprobar la norma, sino ser\u00e1 publicada en el Registro Oficial tal como env\u00edo el presidente Rafael Correa.<\/p>\n<p style=\"text-align: justify;\">La norma tiene 2 tablas que distingue entre herederos directos e indirectos. En el caso de familiares directos (hijos, nietos o padres del causante), la tasa m\u00e1xima a cobrarse ser\u00e1 de 47,5% y progresiva. Mientras que a los indirectos (sobrinos, ahijados, entre otros) ser\u00e1 del 77,5%. De acuerdo al Gobierno, 3 de cada 1.000 ecuatorianos reciben una herencia cada a\u00f1o.<\/p>\n","protected":false},"excerpt":{"rendered":"<p>Gabriela Rivadeneira, presidenta de la Asamblea, convoc\u00f3 ma\u00f1ana a los integrantes del Consejo de la Administraci\u00f3n Legislativa (CAL), quienes deber\u00e1n<\/p>\n","protected":false},"author":1,"featured_media":0,"comment_status":"open","ping_status":"open","sticky":false,"template":"","format":"standard","meta":{"footnotes":""},"categories":[3],"tags":[],"_links":{"self":[{"href":"https:\/\/www.ecuadoraldia.com.ec\/index.php?rest_route=\/wp\/v2\/posts\/9665"}],"collection":[{"href":"https:\/\/www.ecuadoraldia.com.ec\/index.php?rest_route=\/wp\/v2\/posts"}],"about":[{"href":"https:\/\/www.ecuadoraldia.com.ec\/index.php?rest_route=\/wp\/v2\/types\/post"}],"author":[{"embeddable":true,"href":"https:\/\/www.ecuadoraldia.com.ec\/index.php?rest_route=\/wp\/v2\/users\/1"}],"replies":[{"embeddable":true,"href":"https:\/\/www.ecuadoraldia.com.ec\/index.php?rest_route=%2Fwp%2Fv2%2Fcomments&post=9665"}],"version-history":[{"count":1,"href":"https:\/\/www.ecuadoraldia.com.ec\/index.php?rest_route=\/wp\/v2\/posts\/9665\/revisions"}],"predecessor-version":[{"id":9667,"href":"https:\/\/www.ecuadoraldia.com.ec\/index.php?rest_route=\/wp\/v2\/posts\/9665\/revisions\/9667"}],"wp:attachment":[{"href":"https:\/\/www.ecuadoraldia.com.ec\/index.php?rest_route=%2Fwp%2Fv2%2Fmedia&parent=9665"}],"wp:term":[{"taxonomy":"category","embeddable":true,"href":"https:\/\/www.ecuadoraldia.com.ec\/index.php?rest_route=%2Fwp%2Fv2%2Fcategories&post=9665"},{"taxonomy":"post_tag","embeddable":true,"href":"https:\/\/www.ecuadoraldia.com.ec\/index.php?rest_route=%2Fwp%2Fv2%2Ftags&post=9665"}],"curies":[{"name":"wp","href":"https:\/\/api.w.org\/{rel}","templated":true}]}}