{"id":9668,"date":"2015-06-08T19:43:53","date_gmt":"2015-06-08T19:43:53","guid":{"rendered":"http:\/\/www.ecuadoraldia.com.ec\/?p=9668"},"modified":"2015-06-08T19:43:53","modified_gmt":"2015-06-08T19:43:53","slug":"correa-envio-a-la-asamblea-proyecto-de-ley-para-ganancias-extraordinarias","status":"publish","type":"post","link":"https:\/\/www.ecuadoraldia.com.ec\/?p=9668","title":{"rendered":"Correa envi\u00f3 a  la Asamblea proyecto de ley para ganancias extraordinarias"},"content":{"rendered":"<p style=\"text-align: justify;\"><a href=\"http:\/\/www.ecuadoraldia.com.ec\/wp-content\/uploads\/2015\/06\/rafael-correa.jpg\"><img loading=\"lazy\" decoding=\"async\" class=\"alignleft size-medium wp-image-9669\" src=\"http:\/\/www.ecuadoraldia.com.ec\/wp-content\/uploads\/2015\/06\/rafael-correa-300x222.jpg\" alt=\"rafael-correa\" width=\"300\" height=\"222\" srcset=\"https:\/\/www.ecuadoraldia.com.ec\/wp-content\/uploads\/2015\/06\/rafael-correa-300x222.jpg 300w, https:\/\/www.ecuadoraldia.com.ec\/wp-content\/uploads\/2015\/06\/rafael-correa.jpg 952w\" sizes=\"(max-width: 300px) 100vw, 300px\" \/><\/a>El presidente de la Rep\u00fablica, Rafael Correa, anunci\u00f3 que envi\u00f3 a la Asamblea el proyecto de ley para ganancias extraordinarias (Ley de plusval\u00edas). \u00abNuevamente nos van a querer asustar a la clase media. Esto es para los especuladores de tierra, ganancia absolutamente ileg\u00edtima y perniciosa para la sociedad\u00bb, sostuvo el Mandatario en su cuenta en Twitter.<\/p>\n<p style=\"text-align: justify;\">Correa sostiene que \u00abel sistema est\u00e1 muy bien pensado\u00bb y que podr\u00e1 ser consultado en la p\u00e1gina web del Servicio de Rentas Internas (SRI).<\/p>\n<p style=\"text-align: justify;\">Lea tambi\u00e9n:El impuesto a la plusval\u00eda respetar\u00e1 una ganancia justa de $ 7.080<\/p>\n<p>\u00abRecuerden que impuesto a herencias se puede pagar con acciones a los trabajadores, y plusval\u00eda es sobre todo para municipios: evitamos especulaci\u00f3n y se generan ingresos para GADS\u00bb, recalc\u00f3 el Presidente.<\/p>\n<p>Rafael Correa \u2714@MashiRafael<br \/>\n&#8230;Acabo de enviar el proyecto de ley para ganancias extraordinarias. Nuevamente nos van a querer asustar a la clase media.<br \/>\nEsto es para&#8230;los especuladores de tierra, ganancia absolutamente ileg\u00edtima y perniciosa para la sociedad.<br \/>\nEl sistema est\u00e1 muy bien pensado. Tambi\u00e9n&#8230;.lo podr\u00e1n consultar dentro de poco en p\u00e1gina web del SRI.<br \/>\nRecuerden que impuesto a herencias se puede pagar con acciones a los&#8230;.trabajadores, y plusval\u00eda es sobre todo para municipios: evitamos especulaci\u00f3n y se generan ingresos para GADS.<br \/>\nHasta la victoria siempre!<\/p>\n","protected":false},"excerpt":{"rendered":"<p>El presidente de la Rep\u00fablica, Rafael Correa, anunci\u00f3 que envi\u00f3 a la Asamblea el proyecto de ley para ganancias extraordinarias<\/p>\n","protected":false},"author":1,"featured_media":0,"comment_status":"open","ping_status":"open","sticky":false,"template":"","format":"standard","meta":{"footnotes":""},"categories":[1],"tags":[],"_links":{"self":[{"href":"https:\/\/www.ecuadoraldia.com.ec\/index.php?rest_route=\/wp\/v2\/posts\/9668"}],"collection":[{"href":"https:\/\/www.ecuadoraldia.com.ec\/index.php?rest_route=\/wp\/v2\/posts"}],"about":[{"href":"https:\/\/www.ecuadoraldia.com.ec\/index.php?rest_route=\/wp\/v2\/types\/post"}],"author":[{"embeddable":true,"href":"https:\/\/www.ecuadoraldia.com.ec\/index.php?rest_route=\/wp\/v2\/users\/1"}],"replies":[{"embeddable":true,"href":"https:\/\/www.ecuadoraldia.com.ec\/index.php?rest_route=%2Fwp%2Fv2%2Fcomments&post=9668"}],"version-history":[{"count":1,"href":"https:\/\/www.ecuadoraldia.com.ec\/index.php?rest_route=\/wp\/v2\/posts\/9668\/revisions"}],"predecessor-version":[{"id":9670,"href":"https:\/\/www.ecuadoraldia.com.ec\/index.php?rest_route=\/wp\/v2\/posts\/9668\/revisions\/9670"}],"wp:attachment":[{"href":"https:\/\/www.ecuadoraldia.com.ec\/index.php?rest_route=%2Fwp%2Fv2%2Fmedia&parent=9668"}],"wp:term":[{"taxonomy":"category","embeddable":true,"href":"https:\/\/www.ecuadoraldia.com.ec\/index.php?rest_route=%2Fwp%2Fv2%2Fcategories&post=9668"},{"taxonomy":"post_tag","embeddable":true,"href":"https:\/\/www.ecuadoraldia.com.ec\/index.php?rest_route=%2Fwp%2Fv2%2Ftags&post=9668"}],"curies":[{"name":"wp","href":"https:\/\/api.w.org\/{rel}","templated":true}]}}