{"id":9671,"date":"2015-06-08T19:44:45","date_gmt":"2015-06-08T19:44:45","guid":{"rendered":"http:\/\/www.ecuadoraldia.com.ec\/?p=9671"},"modified":"2015-06-08T19:45:01","modified_gmt":"2015-06-08T19:45:01","slug":"ecuador-y-rusia-fortalecen-sus-lazos-en-temas-de-comunicacion","status":"publish","type":"post","link":"https:\/\/www.ecuadoraldia.com.ec\/?p=9671","title":{"rendered":"Ecuador y Rusia fortalecen sus lazos en temas de comunicaci\u00f3n"},"content":{"rendered":"<p style=\"text-align: justify;\"><a href=\"http:\/\/www.ecuadoraldia.com.ec\/wp-content\/uploads\/2015\/06\/08-06-2015-Ecuador-Rusia.jpg\"><img loading=\"lazy\" decoding=\"async\" class=\"alignleft size-medium wp-image-9672\" src=\"http:\/\/www.ecuadoraldia.com.ec\/wp-content\/uploads\/2015\/06\/08-06-2015-Ecuador-Rusia-300x184.jpg\" alt=\"08-06-2015-Ecuador-Rusia\" width=\"300\" height=\"184\" srcset=\"https:\/\/www.ecuadoraldia.com.ec\/wp-content\/uploads\/2015\/06\/08-06-2015-Ecuador-Rusia-300x184.jpg 300w, https:\/\/www.ecuadoraldia.com.ec\/wp-content\/uploads\/2015\/06\/08-06-2015-Ecuador-Rusia.jpg 540w\" sizes=\"(max-width: 300px) 100vw, 300px\" \/><\/a>El secretario Nacional de Comunicaci\u00f3n de Ecuador, Fernando Alvarado, firm\u00f3 este lunes en Mosc\u00fa un acuerdo de cooperaci\u00f3n con el Ministerio de Comunicaciones de Rusia para afianzar las relaciones entre ambas naciones.<\/p>\n<p style=\"text-align: justify;\">El acuerdo fue una noticia inmediata. La cadena de noticias Rusia Today, en su versi\u00f3n en espa\u00f1ol, inform\u00f3 que ahora estar\u00e1 disponible en se\u00f1al abierta para Ecuador. El acuerdo estipula tambi\u00e9n aumentar la cooperaci\u00f3n entre RT en espa\u00f1ol y cadenas ecuatorianas de televisi\u00f3n en lo que se refiere al intercambio de contenidos exclusivos.<\/p>\n<p style=\"text-align: justify;\">\u201cHasta este momento ten\u00edamos solo el punto de vista ofrecido por la CNN, pero estamos interesados en opiniones diversas. Esto corresponde a nuestra pol\u00edtica comunicativa: cuantos m\u00e1s puntos de vista ofrezcan los medios, m\u00e1s democratizada estar\u00e1 la informaci\u00f3n\u201d, coment\u00f3 Alvarado a Rusia Today.<\/p>\n<p style=\"text-align: justify;\">Desde que RT en espa\u00f1ol comenz\u00f3 a emitir en diciembre de 2009, colabor\u00f3 activamente con la televisi\u00f3n de Ecuador. Varias cadenas del pa\u00eds, como Ciudadano TV y Telesucesos Canal 29, tienen contenido de RT en sus emisiones. El presidente Rafael Correa concedi\u00f3 numerosas entrevistas a RT, fue invitado a \u2018Di\u00e1logos con Julian Assange\u2019 y al programa de Eva Golinger \u2018Un d\u00eda conRtoday<\/p>\n","protected":false},"excerpt":{"rendered":"<p>El secretario Nacional de Comunicaci\u00f3n de Ecuador, Fernando Alvarado, firm\u00f3 este lunes en Mosc\u00fa un acuerdo de cooperaci\u00f3n con el<\/p>\n","protected":false},"author":1,"featured_media":0,"comment_status":"open","ping_status":"open","sticky":false,"template":"","format":"standard","meta":{"footnotes":""},"categories":[1],"tags":[],"_links":{"self":[{"href":"https:\/\/www.ecuadoraldia.com.ec\/index.php?rest_route=\/wp\/v2\/posts\/9671"}],"collection":[{"href":"https:\/\/www.ecuadoraldia.com.ec\/index.php?rest_route=\/wp\/v2\/posts"}],"about":[{"href":"https:\/\/www.ecuadoraldia.com.ec\/index.php?rest_route=\/wp\/v2\/types\/post"}],"author":[{"embeddable":true,"href":"https:\/\/www.ecuadoraldia.com.ec\/index.php?rest_route=\/wp\/v2\/users\/1"}],"replies":[{"embeddable":true,"href":"https:\/\/www.ecuadoraldia.com.ec\/index.php?rest_route=%2Fwp%2Fv2%2Fcomments&post=9671"}],"version-history":[{"count":2,"href":"https:\/\/www.ecuadoraldia.com.ec\/index.php?rest_route=\/wp\/v2\/posts\/9671\/revisions"}],"predecessor-version":[{"id":9674,"href":"https:\/\/www.ecuadoraldia.com.ec\/index.php?rest_route=\/wp\/v2\/posts\/9671\/revisions\/9674"}],"wp:attachment":[{"href":"https:\/\/www.ecuadoraldia.com.ec\/index.php?rest_route=%2Fwp%2Fv2%2Fmedia&parent=9671"}],"wp:term":[{"taxonomy":"category","embeddable":true,"href":"https:\/\/www.ecuadoraldia.com.ec\/index.php?rest_route=%2Fwp%2Fv2%2Fcategories&post=9671"},{"taxonomy":"post_tag","embeddable":true,"href":"https:\/\/www.ecuadoraldia.com.ec\/index.php?rest_route=%2Fwp%2Fv2%2Ftags&post=9671"}],"curies":[{"name":"wp","href":"https:\/\/api.w.org\/{rel}","templated":true}]}}