{"id":9675,"date":"2015-06-08T19:48:34","date_gmt":"2015-06-08T19:48:34","guid":{"rendered":"http:\/\/www.ecuadoraldia.com.ec\/?p=9675"},"modified":"2015-06-08T19:48:34","modified_gmt":"2015-06-08T19:48:34","slug":"visita-del-papa-modifica-el-calendario-escolar","status":"publish","type":"post","link":"https:\/\/www.ecuadoraldia.com.ec\/?p=9675","title":{"rendered":"Visita del Papa modifica el Calendario escolar"},"content":{"rendered":"<p style=\"text-align: justify;\"><a href=\"http:\/\/www.ecuadoraldia.com.ec\/wp-content\/uploads\/2015\/06\/escuelas.jpg\"><img loading=\"lazy\" decoding=\"async\" class=\"alignleft size-full wp-image-9676\" src=\"http:\/\/www.ecuadoraldia.com.ec\/wp-content\/uploads\/2015\/06\/escuelas.jpg\" alt=\"escuelas\" width=\"269\" height=\"187\" \/><\/a>La presencia del papa Francisco en Ecuador del 5 al 7 de julio modificar\u00e1 el calendario escolar, elaborado por el Ministerio de Educaci\u00f3n tanto en la Costa como en la Sierra y la Amazon\u00eda.<\/p>\n<p style=\"text-align: justify;\">Los estudiantes del ciclo Sierra adelantar\u00e1n la finalizaci\u00f3n del a\u00f1o escolar para el s\u00e1bado 4 de julio, en lugar del 7 de ese mismo mes como estaba previsto. Adem\u00e1s para completar los 200 d\u00edas laborables trabajar\u00e1n el s\u00e1bado 27 de junio.<\/p>\n<p style=\"text-align: justify;\">En el r\u00e9gimen Costa, los estudiantes de las provincias de Gal\u00e1pagos, Manab\u00ed, Santa Elena, Guayas, El Oro y Los R\u00edos no tendr\u00e1n asistencia el 6 de julio; mientras que los alumnos de las provincias de Esmeraldas y Santo Domingo no asistir\u00e1n el 7 de julio.<\/p>\n<p style=\"text-align: justify;\">Esos d\u00edas ser\u00e1n compensados con la jornada normal de clases los d\u00edas 30 y 31 de julio, respectivamente, que anteriormente estaban previstos como descanso.<\/p>\n<p style=\"text-align: justify;\">El ministro de Educaci\u00f3n, Augusto Espinosa, indic\u00f3 tambi\u00e9n que hasta el momento en la Fase Inscribe para el per\u00edodo escolar Sierra-Amazon\u00eda 2015-2016 se registra diariamente alrededor de 7 mil nuevos inscritos.<\/p>\n<p style=\"text-align: justify;\">\u00abEstos n\u00fameros nos hacen pensar que tendremos cerca de 200 mil nuevos estudiantes en el sistema fiscal, tal como ocurri\u00f3 el a\u00f1o anterior\u00bb, indic\u00f3 Espinosa.<\/p>\n<p style=\"text-align: justify;\">Desde el 13 al 25 de julio, los padres de familia podr\u00e1n conocer a qu\u00e9 instituci\u00f3n sus hijos o representados fueron asignados. Este procedimiento lo pueden realizar a trav\u00e9s de la p\u00e1gina web educacion.gob.ec o mediante un mensaje de texto, a trav\u00e9s de las sedes de inscripci\u00f3n o llamada telef\u00f3nica al 1800-338222.<\/p>\n","protected":false},"excerpt":{"rendered":"<p>La presencia del papa Francisco en Ecuador del 5 al 7 de julio modificar\u00e1 el calendario escolar, elaborado por el<\/p>\n","protected":false},"author":1,"featured_media":0,"comment_status":"open","ping_status":"open","sticky":false,"template":"","format":"standard","meta":{"footnotes":""},"categories":[4],"tags":[],"_links":{"self":[{"href":"https:\/\/www.ecuadoraldia.com.ec\/index.php?rest_route=\/wp\/v2\/posts\/9675"}],"collection":[{"href":"https:\/\/www.ecuadoraldia.com.ec\/index.php?rest_route=\/wp\/v2\/posts"}],"about":[{"href":"https:\/\/www.ecuadoraldia.com.ec\/index.php?rest_route=\/wp\/v2\/types\/post"}],"author":[{"embeddable":true,"href":"https:\/\/www.ecuadoraldia.com.ec\/index.php?rest_route=\/wp\/v2\/users\/1"}],"replies":[{"embeddable":true,"href":"https:\/\/www.ecuadoraldia.com.ec\/index.php?rest_route=%2Fwp%2Fv2%2Fcomments&post=9675"}],"version-history":[{"count":1,"href":"https:\/\/www.ecuadoraldia.com.ec\/index.php?rest_route=\/wp\/v2\/posts\/9675\/revisions"}],"predecessor-version":[{"id":9677,"href":"https:\/\/www.ecuadoraldia.com.ec\/index.php?rest_route=\/wp\/v2\/posts\/9675\/revisions\/9677"}],"wp:attachment":[{"href":"https:\/\/www.ecuadoraldia.com.ec\/index.php?rest_route=%2Fwp%2Fv2%2Fmedia&parent=9675"}],"wp:term":[{"taxonomy":"category","embeddable":true,"href":"https:\/\/www.ecuadoraldia.com.ec\/index.php?rest_route=%2Fwp%2Fv2%2Fcategories&post=9675"},{"taxonomy":"post_tag","embeddable":true,"href":"https:\/\/www.ecuadoraldia.com.ec\/index.php?rest_route=%2Fwp%2Fv2%2Ftags&post=9675"}],"curies":[{"name":"wp","href":"https:\/\/api.w.org\/{rel}","templated":true}]}}