{"id":9678,"date":"2015-06-08T22:10:15","date_gmt":"2015-06-08T22:10:15","guid":{"rendered":"http:\/\/www.ecuadoraldia.com.ec\/?p=9678"},"modified":"2015-06-08T22:10:15","modified_gmt":"2015-06-08T22:10:15","slug":"ministro-de-comercio-exterior-diego-aulestia-asistira-a-taller-de-pymes-en-la-cumbre-empresarial-celac-ue","status":"publish","type":"post","link":"https:\/\/www.ecuadoraldia.com.ec\/?p=9678","title":{"rendered":"Ministro de Comercio Exterior, Diego Aulestia asistir\u00e1 a taller de PYMES en la cumbre empresarial CELAC-UE"},"content":{"rendered":"<p style=\"text-align: justify;\"><a href=\"http:\/\/www.ecuadoraldia.com.ec\/wp-content\/uploads\/2015\/06\/diego-aulestia-valencia-ministro-exterior.jpg\"><img loading=\"lazy\" decoding=\"async\" class=\"alignleft size-full wp-image-9679\" src=\"http:\/\/www.ecuadoraldia.com.ec\/wp-content\/uploads\/2015\/06\/diego-aulestia-valencia-ministro-exterior.jpg\" alt=\"diego-aulestia-valencia-ministro-exterior\" width=\"286\" height=\"232\" \/><\/a>Ecuador estar\u00e1 presente en la II Cumbre Empresarial CELAC-Uni\u00f3n Europea, que se llevar\u00e1 cabo este mi\u00e9rcoles 10 de junio, en la ciudad de Bruselas, B\u00e9lgica. Se prev\u00e9 que asistan 61 Jefes de Estado de Am\u00e9rica Latina, el Caribe y Europa, entre ellos el presidente ecuatoriano, Rafael Correa, a cargo de la Presidencia Pro Tempore en la Comunidad de Estados Latinoamericanos y del Caribe (CELAC).<\/p>\n<p style=\"text-align: justify;\">El tema que convoca a los participantes es \u201cEuropa, Am\u00e9rica Latina y el Caribe: Fomentar un crecimiento integrador y sostenible mediante el refuerzo del papel de las peque\u00f1as y medianas empresas\u201d. Asimismo participan instituciones financieras latinoamericanos como la Corporaci\u00f3n Andina de Fomento (CAF), Banco Interamericano de Desarrollo (BID) y Comisi\u00f3n Econ\u00f3mica para Am\u00e9rica Latina y el Caribe (CEPAL).<\/p>\n<p style=\"text-align: justify;\">Esta Cumbre es un acontecimiento internacional, que se conmemora cada dos a\u00f1os, y re\u00fane a m\u00e1s de 500 l\u00edderes gubernamentales y empresariales; instituciones y personas conectadas a las relaciones econ\u00f3micas entre Am\u00e9rica Latina, el Caribe y la Uni\u00f3n Europea (UE). Adem\u00e1s ofrecer\u00e1 el marco pol\u00edtico para impulsar la incorporaci\u00f3n del Ecuador al Acuerdo Multipartes con la UE, junto con Per\u00fa y Colombia.<\/p>\n<p style=\"text-align: justify;\">En el caso de Ecuador, durante la apertura del evento tendr\u00e1 una destacada participaci\u00f3n del presidente Correa; junto a Federica Mogherini, alta representante de la Uni\u00f3n para Asuntos Exteriores y Pol\u00edtica de Seguridad y Vicepresidenta de la Comisi\u00f3n Europea.<\/p>\n<p style=\"text-align: justify;\">En este espacio, el Jefe de Estado buscar\u00e1 posicionar este organismo como actor internacional y fortalecer las relaciones con otros pa\u00edses. El contexto regional actual pasa por buen momento lo que favorece el intercambio con Europa basados en tres pilares: di\u00e1logo pol\u00edtico, comercio y cooperaci\u00f3n. Mientras, que a prop\u00f3sito de la tem\u00e1tica de la Cumbre, el presidente Correa har\u00e1 un llamado a todos los participantes para comprometerse en la lucha para erradicar la pobreza extrema y se ha comprometido a liderar la consecuci\u00f3n de este ambicioso objetivo con el respaldo de los pa\u00edses.<\/p>\n<p style=\"text-align: justify;\">Paralelamente el ministro de Comercio Exterior, Diego Aulestia, asistir\u00e1 al primer taller tem\u00e1tico, denominado \u201cPymes: \u00bfc\u00f3mo hacer que puedan aprovechar mejor las oportunidades de comercio e inversi\u00f3n\u201d?, junto a Katia Trusich Ortiz Subsecretaria de Econom\u00eda en el Ministerio de Economia, Fomento y Turismo Chile; Welmer Ramos Gonzalez Ministerio de Econom\u00eda, de Costa Rica.(Fuente Ministerio de Comercio Exterior)<\/p>\n","protected":false},"excerpt":{"rendered":"<p>Ecuador estar\u00e1 presente en la II Cumbre Empresarial CELAC-Uni\u00f3n Europea, que se llevar\u00e1 cabo este mi\u00e9rcoles 10 de junio, en<\/p>\n","protected":false},"author":1,"featured_media":0,"comment_status":"open","ping_status":"open","sticky":false,"template":"","format":"standard","meta":{"footnotes":""},"categories":[1],"tags":[],"_links":{"self":[{"href":"https:\/\/www.ecuadoraldia.com.ec\/index.php?rest_route=\/wp\/v2\/posts\/9678"}],"collection":[{"href":"https:\/\/www.ecuadoraldia.com.ec\/index.php?rest_route=\/wp\/v2\/posts"}],"about":[{"href":"https:\/\/www.ecuadoraldia.com.ec\/index.php?rest_route=\/wp\/v2\/types\/post"}],"author":[{"embeddable":true,"href":"https:\/\/www.ecuadoraldia.com.ec\/index.php?rest_route=\/wp\/v2\/users\/1"}],"replies":[{"embeddable":true,"href":"https:\/\/www.ecuadoraldia.com.ec\/index.php?rest_route=%2Fwp%2Fv2%2Fcomments&post=9678"}],"version-history":[{"count":1,"href":"https:\/\/www.ecuadoraldia.com.ec\/index.php?rest_route=\/wp\/v2\/posts\/9678\/revisions"}],"predecessor-version":[{"id":9680,"href":"https:\/\/www.ecuadoraldia.com.ec\/index.php?rest_route=\/wp\/v2\/posts\/9678\/revisions\/9680"}],"wp:attachment":[{"href":"https:\/\/www.ecuadoraldia.com.ec\/index.php?rest_route=%2Fwp%2Fv2%2Fmedia&parent=9678"}],"wp:term":[{"taxonomy":"category","embeddable":true,"href":"https:\/\/www.ecuadoraldia.com.ec\/index.php?rest_route=%2Fwp%2Fv2%2Fcategories&post=9678"},{"taxonomy":"post_tag","embeddable":true,"href":"https:\/\/www.ecuadoraldia.com.ec\/index.php?rest_route=%2Fwp%2Fv2%2Ftags&post=9678"}],"curies":[{"name":"wp","href":"https:\/\/api.w.org\/{rel}","templated":true}]}}