{"id":9682,"date":"2015-06-09T20:57:32","date_gmt":"2015-06-09T20:57:32","guid":{"rendered":"http:\/\/www.ecuadoraldia.com.ec\/?p=9682"},"modified":"2015-06-09T20:57:32","modified_gmt":"2015-06-09T20:57:32","slug":"la-celac-planteara-5-ejes-en-cumbre-con-la-ue-en-bruselas","status":"publish","type":"post","link":"https:\/\/www.ecuadoraldia.com.ec\/?p=9682","title":{"rendered":"La Celac plantear\u00e1 5 ejes en cumbre con la UE en Bruselas"},"content":{"rendered":"<p style=\"text-align: justify;\"><a href=\"http:\/\/www.ecuadoraldia.com.ec\/wp-content\/uploads\/2015\/06\/banderas_celac.jpg\"><img loading=\"lazy\" decoding=\"async\" class=\"alignleft size-full wp-image-9683\" src=\"http:\/\/www.ecuadoraldia.com.ec\/wp-content\/uploads\/2015\/06\/banderas_celac.jpg\" alt=\"banderas_celac\" width=\"288\" height=\"216\" \/><\/a>El presidente Rafael Correa arrib\u00f3 al aeropuerto de Bruselas cerca de las 12:00 (hora B\u00e9lgica), para participar en la cumbre entre la Comunidad de Estados Latinoamericanos y Caribe\u00f1os (Celac) y la Uni\u00f3n Europea (UE), que se desarrollar\u00e1 el 10 y 11 de junio.<\/p>\n<p style=\"text-align: justify;\">A su llegada a la capital belga, el Jefe de Estado ecuatoriano- quien es adem\u00e1s el Presidente Pro T\u00e9mpore de la Celac- asever\u00f3 que plantear\u00e1 los 5 ejes que el bloque regional ha planteado hasta el 2020. El primero es la lucha contra la miseria, que \u00aben Am\u00e9rica Latina es fruto de la desigualdad y de las relaciones de poder perversas, donde unos pocos dominan todo\u00bb, dijo.<\/p>\n<p style=\"text-align: justify;\">El segundo eje es trabajar en los temas de educaci\u00f3n, ciencia y tecnolog\u00eda, y \u00abla UE nos puede ayudar en el ofrecimiento de becas para universidades y en la transferencia de t\u00e9cnica\u00bb, apunt\u00f3.<\/p>\n<p style=\"text-align: justify;\">En un \u00e1mbito m\u00e1s amplio, aclar\u00f3 Correa, precisamos cambiar la institucionalidad mundial para el acceso al conocimiento de las tecnolog\u00edas, y sacar a nuestros pueblos adelante.<\/p>\n<p style=\"text-align: justify;\">El tercer punto es el referido a ambiente y cambio clim\u00e1tico, aspectos en los cuales Ecuador est\u00e1 a la vanguardia en cuanto a conceptos e iniciativas, mientras que Europa en la responsabilidad sobre cuidado ambiental, apunt\u00f3 el Jefe de Estado.<\/p>\n<p style=\"text-align: justify;\">Recalc\u00f3 que es precisamente ah\u00ed \u00abque podemos ir como bloques y proposiciones conjuntas a la conferencia sobre cambio clim\u00e1tico de Par\u00eds, en diciembre pr\u00f3ximo\u00bb.<\/p>\n<p style=\"text-align: justify;\">Reafirm\u00f3 la importancia del cuarto eje vinculado al financiamiento para el desarrollo, y aunque la UE nos puede brindar soporte -dijo- la regi\u00f3n debe entender que ella misma puede traer ahorro con sus propios sistemas financieros.<\/p>\n<p style=\"text-align: justify;\">En \u00faltimo lugar, subray\u00f3 el presidente ecuatoriano, \u00abpotenciaremos nuestro rol como bloque y unidos al grupo europeo decidir de conjunto y a nivel mundial iniciativas con vistas a la cumbre sobre cambio clim\u00e1tico en Par\u00eds\u00bb.<\/p>\n<p style=\"text-align: justify;\">Correa expres\u00f3 su deseo de que este encuentro de la Celac y la UE sea exitoso y ofrezca frutos concretos.<\/p>\n<p style=\"text-align: justify;\">La cita estar\u00e1 dirigida adem\u00e1s por el presidente del Consejo Europeo, Donald Tusk, y se celebrar\u00e1 bajo el lema: \u00abModelar nuestro futuro com\u00fan: trabajar por unas sociedades pr\u00f3speras, cohesivas y sostenibles para nuestros ciudadanos\u00bb.<\/p>\n<p style=\"text-align: justify;\">Estos encuentros son los principales espacios de di\u00e1logo y cooperaci\u00f3n entre los Estados de Europa, Am\u00e9rica Latina y el Caribe, y en este sentido, Pablo Villag\u00f3mez, embajador del Ecuador ante la Comunidad Europea, manifest\u00f3 que en esta clase de foros es donde se profundiza el di\u00e1logo pol\u00edtico y es posible la interacci\u00f3n.<\/p>\n<p style=\"text-align: justify;\">Entre los pa\u00edses de Europa, Am\u00e9rica Latina y el Caribe viven m\u00e1s de 1.000 millones de personas y re\u00fanen a un tercio de los miembros de las Naciones Unidas. Se prev\u00e9 que del encuentro saldr\u00e1n dos declaraciones: una de car\u00e1cter pol\u00edtica, sobre la visi\u00f3n conjunta de la relaci\u00f3n de las dos regiones; y la otra abarcar\u00e1 los retos en cooperaci\u00f3n birregional, en el \u00e1mbito multitem\u00e1tico, seg\u00fan detall\u00f3 el embajador.<\/p>\n<p style=\"text-align: justify;\">Despu\u00e9s del encuentro, el presidente Correa viajar\u00e1 a Mil\u00e1n (Italia), donde participar\u00e1 del Expo Mil\u00e1n 2015 lugar en el que Ecuador tendr\u00e1 un pabell\u00f3n que impulsar\u00e1 el turismo del pa\u00eds.<\/p>\n<p style=\"text-align: justify;\">El s\u00e1bado 13 de junio, se tiene previsto que se desarrolle en esta ciudad italiana el Enlace Ciudadano.<\/p>\n<p style=\"text-align: justify;\">2.000 rosas ecuatorianas adornar\u00e1n la Cumbre CELAC-UE<\/p>\n<p style=\"text-align: justify;\">El edificio Justus Lipsius, en donde se desarrollar\u00e1 la Cumbre Celac-UE estar\u00e1 adornado con 2.000 rosas ecuatorianas. El Gobierno de Ecuador dispuso que las ofrezcan en los eventos internacionales por su belleza.<\/p>\n<p style=\"text-align: justify;\">Las rosas dar\u00e1n la bienvenida a los 61 Jefes de Estado, que se reunir\u00e1n en B\u00e9lgica el 10 y 11 de junio.<\/p>\n","protected":false},"excerpt":{"rendered":"<p>El presidente Rafael Correa arrib\u00f3 al aeropuerto de Bruselas cerca de las 12:00 (hora B\u00e9lgica), para participar en la cumbre<\/p>\n","protected":false},"author":1,"featured_media":0,"comment_status":"open","ping_status":"open","sticky":false,"template":"","format":"standard","meta":{"footnotes":""},"categories":[1],"tags":[],"_links":{"self":[{"href":"https:\/\/www.ecuadoraldia.com.ec\/index.php?rest_route=\/wp\/v2\/posts\/9682"}],"collection":[{"href":"https:\/\/www.ecuadoraldia.com.ec\/index.php?rest_route=\/wp\/v2\/posts"}],"about":[{"href":"https:\/\/www.ecuadoraldia.com.ec\/index.php?rest_route=\/wp\/v2\/types\/post"}],"author":[{"embeddable":true,"href":"https:\/\/www.ecuadoraldia.com.ec\/index.php?rest_route=\/wp\/v2\/users\/1"}],"replies":[{"embeddable":true,"href":"https:\/\/www.ecuadoraldia.com.ec\/index.php?rest_route=%2Fwp%2Fv2%2Fcomments&post=9682"}],"version-history":[{"count":1,"href":"https:\/\/www.ecuadoraldia.com.ec\/index.php?rest_route=\/wp\/v2\/posts\/9682\/revisions"}],"predecessor-version":[{"id":9684,"href":"https:\/\/www.ecuadoraldia.com.ec\/index.php?rest_route=\/wp\/v2\/posts\/9682\/revisions\/9684"}],"wp:attachment":[{"href":"https:\/\/www.ecuadoraldia.com.ec\/index.php?rest_route=%2Fwp%2Fv2%2Fmedia&parent=9682"}],"wp:term":[{"taxonomy":"category","embeddable":true,"href":"https:\/\/www.ecuadoraldia.com.ec\/index.php?rest_route=%2Fwp%2Fv2%2Fcategories&post=9682"},{"taxonomy":"post_tag","embeddable":true,"href":"https:\/\/www.ecuadoraldia.com.ec\/index.php?rest_route=%2Fwp%2Fv2%2Ftags&post=9682"}],"curies":[{"name":"wp","href":"https:\/\/api.w.org\/{rel}","templated":true}]}}