{"id":9685,"date":"2015-06-09T20:58:34","date_gmt":"2015-06-09T20:58:34","guid":{"rendered":"http:\/\/www.ecuadoraldia.com.ec\/?p=9685"},"modified":"2015-06-09T20:58:34","modified_gmt":"2015-06-09T20:58:34","slug":"moradores-de-quitumbe-reclaman-al-municipio-de-quito-obras-y-reduccion-efectiva-de-prediales","status":"publish","type":"post","link":"https:\/\/www.ecuadoraldia.com.ec\/?p=9685","title":{"rendered":"Moradores de Quitumbe reclaman al Municipio de Quito obras y reducci\u00f3n efectiva de prediales"},"content":{"rendered":"<figure id=\"attachment_9686\" aria-describedby=\"caption-attachment-9686\" style=\"width: 300px\" class=\"wp-caption alignleft\"><a href=\"http:\/\/www.ecuadoraldia.com.ec\/wp-content\/uploads\/2015\/06\/LOS-quitumbe.jpg\"><img loading=\"lazy\" decoding=\"async\" class=\"size-medium wp-image-9686\" src=\"http:\/\/www.ecuadoraldia.com.ec\/wp-content\/uploads\/2015\/06\/LOS-quitumbe-300x199.jpg\" alt=\"PROTESTA CONTRA RODAS\" width=\"300\" height=\"199\" srcset=\"https:\/\/www.ecuadoraldia.com.ec\/wp-content\/uploads\/2015\/06\/LOS-quitumbe-300x199.jpg 300w, https:\/\/www.ecuadoraldia.com.ec\/wp-content\/uploads\/2015\/06\/LOS-quitumbe.jpg 301w\" sizes=\"(max-width: 300px) 100vw, 300px\" \/><\/a><figcaption id=\"caption-attachment-9686\" class=\"wp-caption-text\">PROTESTA CONTRA RODAS<\/figcaption><\/figure>\n<p style=\"text-align: justify;\">Una centena de moradores del sur de Quito se tom\u00f3 esta ma\u00f1ana la administraci\u00f3n zonal Quitumbe. Los vecinos, integrantes del Frente de Defensa Ciudadana del Sur, reclaman que durante la administraci\u00f3n del actual alcalde de Quito, Mauricio Rodas, la ejecuci\u00f3n de obras se detuvo.<\/p>\n<p style=\"text-align: justify;\">Seg\u00fan la dirigente Emma Gonz\u00e1lez, la Alcald\u00eda habr\u00eda dejado de ejectuar el a\u00f1o pasado $ 4 millones de presupuesto, los cuales pudieron haber sido invertidos en obras. Reclaman que, desde que Rodas est\u00e1 en la Alcald\u00eda, el sur se encuentra abandonado.<\/p>\n<p style=\"text-align: justify;\">Gonz\u00e1lez se\u00f1al\u00f3 que otra de las exigencias es que se efectivice la anunciada reducci\u00f3n del impuesto predial. Argumentaron que la tasa de recaudaci\u00f3n se increment\u00f3 en esa zona de la ciudad.<\/p>\n<p style=\"text-align: justify;\">Tambi\u00e9n exigen estabilidad en la administraci\u00f3n zonal, pues dicen que, hasta el momento tuivieron 6 administradores.<\/p>\n<p style=\"text-align: justify;\">Este grupo buscaba un di\u00e1logo con el alcalde Rodas para establecer una mesa de trabajo a favor del sector, sin embargo, el burgomaestre no lleg\u00f3.<\/p>\n<p style=\"text-align: justify;\">C\u00e9sar A\u00f1asco, administrador zonal, indic\u00f3 que los reclamos son un tema que debe resolverse al interior del organismo y no garantiz\u00f3 que Rodas los atienda.<\/p>\n<p style=\"text-align: justify;\">Hasta el momento, los manifestantes se mantienen en el lugar y aseguran que no se retirar\u00e1n hasta que el alcalde de Quito escuche sus pedido. (Tel\u00e9grafo)<\/p>\n","protected":false},"excerpt":{"rendered":"<p>Una centena de moradores del sur de Quito se tom\u00f3 esta ma\u00f1ana la administraci\u00f3n zonal Quitumbe. Los vecinos, integrantes del<\/p>\n","protected":false},"author":1,"featured_media":0,"comment_status":"open","ping_status":"open","sticky":false,"template":"","format":"standard","meta":{"footnotes":""},"categories":[14],"tags":[],"_links":{"self":[{"href":"https:\/\/www.ecuadoraldia.com.ec\/index.php?rest_route=\/wp\/v2\/posts\/9685"}],"collection":[{"href":"https:\/\/www.ecuadoraldia.com.ec\/index.php?rest_route=\/wp\/v2\/posts"}],"about":[{"href":"https:\/\/www.ecuadoraldia.com.ec\/index.php?rest_route=\/wp\/v2\/types\/post"}],"author":[{"embeddable":true,"href":"https:\/\/www.ecuadoraldia.com.ec\/index.php?rest_route=\/wp\/v2\/users\/1"}],"replies":[{"embeddable":true,"href":"https:\/\/www.ecuadoraldia.com.ec\/index.php?rest_route=%2Fwp%2Fv2%2Fcomments&post=9685"}],"version-history":[{"count":1,"href":"https:\/\/www.ecuadoraldia.com.ec\/index.php?rest_route=\/wp\/v2\/posts\/9685\/revisions"}],"predecessor-version":[{"id":9687,"href":"https:\/\/www.ecuadoraldia.com.ec\/index.php?rest_route=\/wp\/v2\/posts\/9685\/revisions\/9687"}],"wp:attachment":[{"href":"https:\/\/www.ecuadoraldia.com.ec\/index.php?rest_route=%2Fwp%2Fv2%2Fmedia&parent=9685"}],"wp:term":[{"taxonomy":"category","embeddable":true,"href":"https:\/\/www.ecuadoraldia.com.ec\/index.php?rest_route=%2Fwp%2Fv2%2Fcategories&post=9685"},{"taxonomy":"post_tag","embeddable":true,"href":"https:\/\/www.ecuadoraldia.com.ec\/index.php?rest_route=%2Fwp%2Fv2%2Ftags&post=9685"}],"curies":[{"name":"wp","href":"https:\/\/api.w.org\/{rel}","templated":true}]}}