{"id":9688,"date":"2015-06-09T20:59:41","date_gmt":"2015-06-09T20:59:41","guid":{"rendered":"http:\/\/www.ecuadoraldia.com.ec\/?p=9688"},"modified":"2015-06-09T20:59:41","modified_gmt":"2015-06-09T20:59:41","slug":"la-asamblea-se-allano-al-veto-parcial-a-la-ley-de-galapagos","status":"publish","type":"post","link":"https:\/\/www.ecuadoraldia.com.ec\/?p=9688","title":{"rendered":"La Asamblea se allan\u00f3 al veto parcial a la Ley de Gal\u00e1pagos"},"content":{"rendered":"<p style=\"text-align: justify;\"><a href=\"http:\/\/www.ecuadoraldia.com.ec\/wp-content\/uploads\/2015\/06\/voto-Galapagos.jpg\"><img loading=\"lazy\" decoding=\"async\" class=\"alignleft size-medium wp-image-9689\" src=\"http:\/\/www.ecuadoraldia.com.ec\/wp-content\/uploads\/2015\/06\/voto-Galapagos-300x192.jpg\" alt=\"voto Galapagos\" width=\"300\" height=\"192\" srcset=\"https:\/\/www.ecuadoraldia.com.ec\/wp-content\/uploads\/2015\/06\/voto-Galapagos-300x192.jpg 300w, https:\/\/www.ecuadoraldia.com.ec\/wp-content\/uploads\/2015\/06\/voto-Galapagos.jpg 311w\" sizes=\"(max-width: 300px) 100vw, 300px\" \/><\/a>Con 88 votos afirmativos y 35 negativos, el Pleno de la Asamblea Nacional se allan\u00f3 totalmente al veto del Ejecutivo a la Ley de R\u00e9gimen Especial de Gal\u00e1pagos.<\/p>\n<p style=\"text-align: justify;\">Durante la sesi\u00f3n se registraron confrontaciones verbales entre el legislador \u00c1ngel Vilema, expulsado por el Comit\u00e9 de \u00c9tica de Alianza PAIS, Fanny Uribe, militante de Avanza, y la segunda vicepresidenta del Legislativo, Marcela Agui\u00f1aga.<\/p>\n<p style=\"text-align: justify;\">Incluso Uribe abandon\u00f3 abruptamente su curul e intent\u00f3 acercarse a Agui\u00f1aga. La Vicepresidencia Rossana Alvarado inst\u00f3 a Uribe para que se tranquilizara. Inmediatamente unos 6 polic\u00edas la detuvieron y le increparon para que regresara a su curul.<\/p>\n<p style=\"text-align: justify;\">Uribe se levant\u00f3 de su asiento, luego de que escuch\u00f3 que Agui\u00f1aga record\u00f3 al Pleno que no ha existido ning\u00fan Gobierno en la historia del Archipi\u00e9lago que le haya dado m\u00e1s a los habitantes que la Revoluci\u00f3n Ciudadana.<\/p>\n<p style=\"text-align: justify;\">La vicepresidenta se refiri\u00f3 a que la denominada Ley Gal\u00e1pagos beneficia a los \u00abgalapague\u00f1os que van a pie\u00bb. Indic\u00f3 que hay asamble\u00edstas que se opusieron porque no les beneficia. Entre ellos, dijo, se encuentran Vilema, quien \u00abes operador operador tur\u00edstico y es due\u00f1o de hoteles y de barcos\u00bb. \u00abUno debe defender una agenda com\u00fan, pero los pol\u00edticos de turno si lo tienen\u00bb, reiter\u00f3 Agui\u00f1aga.<\/p>\n<p style=\"text-align: justify;\">La vicepresidenta tambi\u00e9n se refiri\u00f3 sobre Uribe. Indic\u00f3 que ella fue una protagonista de la explotaci\u00f3n \u00abpepinera\u00bb en el Archipi\u00e9lago.<\/p>\n<p style=\"text-align: justify;\">En ese instante, Uribe sali\u00f3 de su puesto con direcci\u00f3n hacia Agui\u00f1aga, en medio de los gritos y aplausos de los asistentes que apoyaron a los legisladores que se opon\u00edan a la Ley Gal\u00e1pagos. La vicepresidenta orden\u00f3 a los guardias que pidieran orden, pero eso no detuvo a la militante de Avanza.<\/p>\n<p>Agui\u00f1aga mir\u00f3 de lejos la actitud de Uribe y repuso ante el Pleno que no le da miedo ser a amedrentada. Reiter\u00f3 que la familia de Uribe es una de los grandes comerciantes de la Pen\u00ednsula y que eso lo conocen los habitantes de la pen\u00ednsula.<\/p>\n<p>\u00abLa legisladora Uribe, que su familia es due\u00f1a de ferreter\u00edas del Archipi\u00e9lago, ser\u00eda bueno pedir control en el indicador de precios en su pr\u00f3spero negocio en la Isla Santa Cruz\u00bb, dijo.<\/p>\n<p style=\"text-align: justify;\">Ese altercado fue un punto de partida para intercambiar expresiones. Vilema pidi\u00f3 nuevamente la palabra y reiter\u00f3 que se fue de la bancada de PAIS porque a \u00e9l le interesa defender un proyecto pol\u00edtico.<\/p>\n<p style=\"text-align: justify;\">\u201cMe voy porque el pueblo est\u00e1 por encima de un proyecto pol\u00edtico, no tengo miedo de lo que pueda pasarme a m\u00ed o a mi familia\u201d, dijo el legislador y critic\u00f3 la postura de Agui\u00f1aga, quien hab\u00eda se\u00f1alado que los habitantes de Gal\u00e1pagos son \u00abdescendientes de delincuentes\u00bb.<\/p>\n<p style=\"text-align: justify;\">\u00abQue pena que se exprese as\u00ed de los galapague\u00f1os\u00bb, expres\u00f3 Vilema, quien llev\u00f3 puesta una camiseta blanca que dec\u00eda \u00abJusticia para Gal\u00e1pagos\u00bb, en letras negras.<\/p>\n<p style=\"text-align: justify;\">En su intervenci\u00f3n Vilema agreg\u00f3: \u201c\u00bfQui\u00e9n no sabe que usted es la tendencia de derecha en el movimiento PAIS\u201d y expres\u00f3 que \u201cning\u00fan proyecto pol\u00edtico puede estar por encima del pueblo\u00bb.<\/p>\n<p style=\"text-align: justify;\">En su contraposici\u00f3n Agui\u00f1aga respondi\u00f3 que nunca ha dicho que los pobladores de Gal\u00e1pagos son delincuentes. \u201cClaramente hice alusi\u00f3n a la colonia presidiaria abolida en 1959\u2033, dijo tras reiterar: \u00abCrec\u00ed en el seno de una familia trabajadora, luchadora y honesta que inculc\u00f3 en mi valores que los hoy defensores de Gal\u00e1pagos no tienen\u201d.<\/p>\n<p style=\"text-align: justify;\">La vicepresidenta del Legislativo tambi\u00e9n descart\u00f3 la postura de Uribe, la cual se\u00f1al\u00f3 que el 52% de la poblaci\u00f3n isle\u00f1a es pobre.<\/p>\n<p style=\"text-align: justify;\">Explic\u00f3 que de acuerdo a las \u00faltimas cifras se determin\u00f3 que la pobreza no extrema afecta 9.270 habitantes, lo que representa el 40,2% y que la pobreza extrema se registra en 2.677 personas, es decir el 11,6% y reiter\u00f3 que se deben hacer las sumas correctas.<\/p>\n<p style=\"text-align: justify;\">\u00abHoy m\u00e1s que nunca ese indicador puede ser evidentemente que su realidad econ\u00f3mica est\u00e9 plasmada para los verdaderos galapague\u00f1os a pie\u00bb.<\/p>\n<p style=\"text-align: justify;\">Agui\u00f1aga record\u00f3 en 2008, la asamble\u00edsta Uribe ganaba hasta 3 sueldos. A\u00f1adi\u00f3 que la Ley Gal\u00e1pagos no va a afectar a los isle\u00f1os.<\/p>\n<p style=\"text-align: justify;\">Vilema insisti\u00f3 en su argumento de que esta normativa \u00abafecta directamente a salarios de pobladores y trabajadores\u00bb. Esto fue negado por los legisladores oficialistas.<\/p>\n<p style=\"text-align: justify;\">El mi\u00e9rcoles pasado, la Comisi\u00f3n de Gobiernos Aut\u00f3nomos se allan\u00f3 con 7 votos a favor y 2 en contra (\u00c1ngel Vilema y Ren\u00e9 Yand\u00fan) al veto del presidente Correa.<\/p>\n<p style=\"text-align: justify;\">Entre los principales cambios en la normativa est\u00e1 la asignaci\u00f3n de los salarios de los servidores p\u00fablicos y privados que, seg\u00fan el veto, se fijar\u00e1n por el \u00cdndice de Precios al Consumidor (IPC) y no al doble para los p\u00fablicos y 75% m\u00e1s para los privados, como actualmente rige.<\/p>\n<p style=\"text-align: justify;\">La semana pasada, Fausto Ter\u00e1n, vicepresidente de la Comisi\u00f3n, se\u00f1al\u00f3 que se analizaron las observaciones. Dijo que hab\u00eda una inequidad con la asignaci\u00f3n actual: \u201cHemos cre\u00eddo que no debe ser regulado al ojo, sino que tiene que haber algo t\u00e9cnico\u201d. Por ello, afirm\u00f3 que la mesa legislativa decidi\u00f3 que los porcentajes del incremento se realicen por el \u00cdndice de Precios al Consumidor (IPC).<\/p>\n<p style=\"text-align: justify;\">El legislador explic\u00f3 que el IPC recoge una canasta no solamente con productos, sino otros complementos, como tecnolog\u00eda, y todo aquello conforma el \u00edndice total. \u201cEl porcentaje que sea deber\u00e1 multiplicarse por los sueldos establecidos por el Ministerio de Relaciones Laborales\u201d, indic\u00f3 Ter\u00e1n.<\/p>\n<p style=\"text-align: justify;\">Ese criterio lo comparti\u00f3 Eli\u00e9cer Cruz, gobernador de Gal\u00e1pagos, quien manifest\u00f3 que el an\u00e1lisis del \u00cdndice de Precios al Consumidor ser\u00e1 t\u00e9cnico. El funcionario consider\u00f3 que \u201cpor primera vez se aplicar\u00e1n medidas t\u00e9cnicas basadas en la realidad del costo de vida de Gal\u00e1pagos\u201d.<\/p>\n<p style=\"text-align: justify;\">Tras finalizar el debate y aprobarse la Ley, Agui\u00f1aga reiter\u00f3 que se trata de una norma orientada al bien com\u00fan.<\/p>\n<p style=\"text-align: justify;\">\u00abNo vamos a pretender que los \u00abpseudos defensores de Gal\u00e1pagos\u00bb se declaren a favor de la ciudan\u00eda\u00bb, dijo. A\u00f1adi\u00f3 que no habr\u00e1 reducci\u00f3n de sueldos para los trabajadores y que se pretende que sus sueldos obedezcan a un indicador t\u00e9cnico. (El tel\u00e9grafo)<\/p>\n","protected":false},"excerpt":{"rendered":"<p>Con 88 votos afirmativos y 35 negativos, el Pleno de la Asamblea Nacional se allan\u00f3 totalmente al veto del Ejecutivo<\/p>\n","protected":false},"author":1,"featured_media":0,"comment_status":"open","ping_status":"open","sticky":false,"template":"","format":"standard","meta":{"footnotes":""},"categories":[3],"tags":[],"_links":{"self":[{"href":"https:\/\/www.ecuadoraldia.com.ec\/index.php?rest_route=\/wp\/v2\/posts\/9688"}],"collection":[{"href":"https:\/\/www.ecuadoraldia.com.ec\/index.php?rest_route=\/wp\/v2\/posts"}],"about":[{"href":"https:\/\/www.ecuadoraldia.com.ec\/index.php?rest_route=\/wp\/v2\/types\/post"}],"author":[{"embeddable":true,"href":"https:\/\/www.ecuadoraldia.com.ec\/index.php?rest_route=\/wp\/v2\/users\/1"}],"replies":[{"embeddable":true,"href":"https:\/\/www.ecuadoraldia.com.ec\/index.php?rest_route=%2Fwp%2Fv2%2Fcomments&post=9688"}],"version-history":[{"count":1,"href":"https:\/\/www.ecuadoraldia.com.ec\/index.php?rest_route=\/wp\/v2\/posts\/9688\/revisions"}],"predecessor-version":[{"id":9690,"href":"https:\/\/www.ecuadoraldia.com.ec\/index.php?rest_route=\/wp\/v2\/posts\/9688\/revisions\/9690"}],"wp:attachment":[{"href":"https:\/\/www.ecuadoraldia.com.ec\/index.php?rest_route=%2Fwp%2Fv2%2Fmedia&parent=9688"}],"wp:term":[{"taxonomy":"category","embeddable":true,"href":"https:\/\/www.ecuadoraldia.com.ec\/index.php?rest_route=%2Fwp%2Fv2%2Fcategories&post=9688"},{"taxonomy":"post_tag","embeddable":true,"href":"https:\/\/www.ecuadoraldia.com.ec\/index.php?rest_route=%2Fwp%2Fv2%2Ftags&post=9688"}],"curies":[{"name":"wp","href":"https:\/\/api.w.org\/{rel}","templated":true}]}}