{"id":9691,"date":"2015-06-10T00:19:50","date_gmt":"2015-06-10T00:19:50","guid":{"rendered":"http:\/\/www.ecuadoraldia.com.ec\/?p=9691"},"modified":"2015-06-10T00:19:50","modified_gmt":"2015-06-10T00:19:50","slug":"felipe-gonzalez-abandono-venezuela-porque-maduro-no-lo-dejo-visitar-a-los-presos-politicos","status":"publish","type":"post","link":"https:\/\/www.ecuadoraldia.com.ec\/?p=9691","title":{"rendered":"Felipe Gonz\u00e1lez abandon\u00f3 Venezuela porque Maduro no lo dej\u00f3 visitar a los presos pol\u00edticos"},"content":{"rendered":"<p style=\"text-align: justify;\"><a href=\"http:\/\/www.ecuadoraldia.com.ec\/wp-content\/uploads\/2015\/06\/felipe-gonzalez.jpg\"><img loading=\"lazy\" decoding=\"async\" class=\"alignleft size-medium wp-image-9692\" src=\"http:\/\/www.ecuadoraldia.com.ec\/wp-content\/uploads\/2015\/06\/felipe-gonzalez-300x169.jpg\" alt=\"felipe gonzalez\" width=\"300\" height=\"169\" srcset=\"https:\/\/www.ecuadoraldia.com.ec\/wp-content\/uploads\/2015\/06\/felipe-gonzalez-300x169.jpg 300w, https:\/\/www.ecuadoraldia.com.ec\/wp-content\/uploads\/2015\/06\/felipe-gonzalez.jpg 531w\" sizes=\"(max-width: 300px) 100vw, 300px\" \/><\/a>El ex jefe de Estado espa\u00f1ol Felipe Gonz\u00e1lez abandon\u00f3 Venezuela este martes, luego de que el chavismo le negara las autorizaciones para visitar al l\u00edder opositor Leopoldo L\u00f3pez en la c\u00e1rcel de Ramo Verde y para asistir a la audiencia programada para el mi\u00e9rcoles.<\/p>\n<p style=\"text-align: justify;\">El anuncio de que el ex presidente regres\u00f3 a Bogot\u00e1, Colombia, fue realizado por el abogado del tambi\u00e9n opositor Antonio Ledezma.<\/p>\n<p style=\"text-align: justify;\">Gonz\u00e1lez hab\u00eda arribado a Caracas el domingo pasado para participar en la defensa de los l\u00edderes opositores venezolanos presos Leopoldo L\u00f3pez y Antonio Ledezma.<\/p>\n<p style=\"text-align: justify;\">\u00abMe gustar\u00eda encontrar un pa\u00eds donde no hubiera buenos y malos\u00bb, sostuvo a su llegada Gonz\u00e1lez, que no ha querido, sin embargo, salir al paso de las concentraciones convocadas por el oficialismo en contra de su visita.<\/p>\n<p style=\"text-align: justify;\">El ex mandatario espa\u00f1ol sostuvo que no estaba de acuerdo con la decisi\u00f3n del chavismo, pero aclar\u00f3 que respetar\u00eda la prohibici\u00f3n. \u00abSer un abogado defensor no es lo que he pedido. La asistencia t\u00e9cnica es un derecho de la defensa, pero hubo una decisi\u00f3n del Tribunal Supremo\u00bb.<\/p>\n<p style=\"text-align: justify;\">\u00abNo que me quedar\u00e1 otra, en su momento oportuno, que seguir haciendo ese esfuerzo en \u00e1mbitos internacionales que obligan jurisdiccionalmente a los pa\u00edses\u00bb, agreg\u00f3.<\/p>\n<p style=\"text-align: justify;\">Luego de los encuentros que mantuvo este lunes con la familia de L\u00f3pez y algunos de los principales dirigentes de la MUD, el pol\u00edtico espa\u00f1ol resalt\u00f3 la importancia de las elecciones parlamentarias que se realizar\u00e1n este a\u00f1o en Venezuela.<\/p>\n","protected":false},"excerpt":{"rendered":"<p>El ex jefe de Estado espa\u00f1ol Felipe Gonz\u00e1lez abandon\u00f3 Venezuela este martes, luego de que el chavismo le negara las<\/p>\n","protected":false},"author":1,"featured_media":0,"comment_status":"open","ping_status":"open","sticky":false,"template":"","format":"standard","meta":{"footnotes":""},"categories":[7],"tags":[],"_links":{"self":[{"href":"https:\/\/www.ecuadoraldia.com.ec\/index.php?rest_route=\/wp\/v2\/posts\/9691"}],"collection":[{"href":"https:\/\/www.ecuadoraldia.com.ec\/index.php?rest_route=\/wp\/v2\/posts"}],"about":[{"href":"https:\/\/www.ecuadoraldia.com.ec\/index.php?rest_route=\/wp\/v2\/types\/post"}],"author":[{"embeddable":true,"href":"https:\/\/www.ecuadoraldia.com.ec\/index.php?rest_route=\/wp\/v2\/users\/1"}],"replies":[{"embeddable":true,"href":"https:\/\/www.ecuadoraldia.com.ec\/index.php?rest_route=%2Fwp%2Fv2%2Fcomments&post=9691"}],"version-history":[{"count":1,"href":"https:\/\/www.ecuadoraldia.com.ec\/index.php?rest_route=\/wp\/v2\/posts\/9691\/revisions"}],"predecessor-version":[{"id":9693,"href":"https:\/\/www.ecuadoraldia.com.ec\/index.php?rest_route=\/wp\/v2\/posts\/9691\/revisions\/9693"}],"wp:attachment":[{"href":"https:\/\/www.ecuadoraldia.com.ec\/index.php?rest_route=%2Fwp%2Fv2%2Fmedia&parent=9691"}],"wp:term":[{"taxonomy":"category","embeddable":true,"href":"https:\/\/www.ecuadoraldia.com.ec\/index.php?rest_route=%2Fwp%2Fv2%2Fcategories&post=9691"},{"taxonomy":"post_tag","embeddable":true,"href":"https:\/\/www.ecuadoraldia.com.ec\/index.php?rest_route=%2Fwp%2Fv2%2Ftags&post=9691"}],"curies":[{"name":"wp","href":"https:\/\/api.w.org\/{rel}","templated":true}]}}