{"id":9694,"date":"2015-06-11T00:20:26","date_gmt":"2015-06-11T00:20:26","guid":{"rendered":"http:\/\/www.ecuadoraldia.com.ec\/?p=9694"},"modified":"2015-06-11T00:20:26","modified_gmt":"2015-06-11T00:20:26","slug":"ap-llama-a-la-oposicion-a-debatir-con-ideas-no-con-violencia","status":"publish","type":"post","link":"https:\/\/www.ecuadoraldia.com.ec\/?p=9694","title":{"rendered":"AP llama a la oposici\u00f3n a \u00abdebatir con ideas, no con violencia\u00bb"},"content":{"rendered":"<p style=\"text-align: justify;\"><a href=\"http:\/\/www.ecuadoraldia.com.ec\/wp-content\/uploads\/2015\/06\/ap.jpg\"><img loading=\"lazy\" decoding=\"async\" class=\"alignleft size-medium wp-image-9695\" src=\"http:\/\/www.ecuadoraldia.com.ec\/wp-content\/uploads\/2015\/06\/ap-300x201.jpg\" alt=\"ap\" width=\"300\" height=\"201\" srcset=\"https:\/\/www.ecuadoraldia.com.ec\/wp-content\/uploads\/2015\/06\/ap-300x201.jpg 300w, https:\/\/www.ecuadoraldia.com.ec\/wp-content\/uploads\/2015\/06\/ap.jpg 403w\" sizes=\"(max-width: 300px) 100vw, 300px\" \/><\/a>Simpatizantes del Gobierno Nacional se concentran desde esta tarde en la Tribuna De Los Shyris, al norte de Quito, \u00abpara defender la democracia\u00bb y las pol\u00edticas del r\u00e9gimen. En el sitio se encuentran militantes de Alianza PAIS, de organizaciones sociales, y ciudadanos que llegaron desde otras provincias tambi\u00e9n.<\/p>\n<p style=\"text-align: justify;\">Doris Soliz, secretaria ejecutiva del movimiento oficialista, expres\u00f3 que se trata de una \u00abconcentraci\u00f3n democr\u00e1tica de la Revoluci\u00f3n Ciudadana\u00bb. Explic\u00f3 que las propuestas del Gobierno buscan \u00abun pa\u00eds con igualdad de oportunidades y m\u00e1s justo\u00bb.<\/p>\n<p style=\"text-align: justify;\">Hasta el sitio tambi\u00e9n llegaron sectores de la oposici\u00f3n que se convocaron a trav\u00e9s de las redes sociales, para rechazar los proyectos de Ley de Herencias y Plusval\u00eda, a\u00fan en tr\u00e1mite en la Asamblea Nacional. Los opositores gritan: \u00a1Fuera Correa, fuera! y portan banderas negras.<\/p>\n<p style=\"text-align: justify;\">Al respecto, Soliz explic\u00f3 que infelizmente se hace pol\u00edtica desde la oposici\u00f3n sin ideas ni propuestas. Indic\u00f3 que se ha manipulado la informaci\u00f3n y se busca crear inestabilidad.<\/p>\n<p style=\"text-align: justify;\">No obstante, Soliz hizo un llamado a la oposici\u00f3n a \u00abrespetar las reglas del juego democr\u00e1tico\u00bb y a \u00abdebatir con ideas, no con violencia\u00bb.<\/p>\n<p style=\"text-align: justify;\">Hasta el momento no se registran desmanes en este tercer d\u00eda de manifestaciones. En el lugar se encuentran centenares de miembros de la Polic\u00eda, para preservar la seguridad de los manifestantes.<\/p>\n","protected":false},"excerpt":{"rendered":"<p>Simpatizantes del Gobierno Nacional se concentran desde esta tarde en la Tribuna De Los Shyris, al norte de Quito, \u00abpara<\/p>\n","protected":false},"author":1,"featured_media":0,"comment_status":"open","ping_status":"open","sticky":false,"template":"","format":"standard","meta":{"footnotes":""},"categories":[1],"tags":[],"_links":{"self":[{"href":"https:\/\/www.ecuadoraldia.com.ec\/index.php?rest_route=\/wp\/v2\/posts\/9694"}],"collection":[{"href":"https:\/\/www.ecuadoraldia.com.ec\/index.php?rest_route=\/wp\/v2\/posts"}],"about":[{"href":"https:\/\/www.ecuadoraldia.com.ec\/index.php?rest_route=\/wp\/v2\/types\/post"}],"author":[{"embeddable":true,"href":"https:\/\/www.ecuadoraldia.com.ec\/index.php?rest_route=\/wp\/v2\/users\/1"}],"replies":[{"embeddable":true,"href":"https:\/\/www.ecuadoraldia.com.ec\/index.php?rest_route=%2Fwp%2Fv2%2Fcomments&post=9694"}],"version-history":[{"count":1,"href":"https:\/\/www.ecuadoraldia.com.ec\/index.php?rest_route=\/wp\/v2\/posts\/9694\/revisions"}],"predecessor-version":[{"id":9696,"href":"https:\/\/www.ecuadoraldia.com.ec\/index.php?rest_route=\/wp\/v2\/posts\/9694\/revisions\/9696"}],"wp:attachment":[{"href":"https:\/\/www.ecuadoraldia.com.ec\/index.php?rest_route=%2Fwp%2Fv2%2Fmedia&parent=9694"}],"wp:term":[{"taxonomy":"category","embeddable":true,"href":"https:\/\/www.ecuadoraldia.com.ec\/index.php?rest_route=%2Fwp%2Fv2%2Fcategories&post=9694"},{"taxonomy":"post_tag","embeddable":true,"href":"https:\/\/www.ecuadoraldia.com.ec\/index.php?rest_route=%2Fwp%2Fv2%2Ftags&post=9694"}],"curies":[{"name":"wp","href":"https:\/\/api.w.org\/{rel}","templated":true}]}}