{"id":9697,"date":"2015-06-11T00:22:52","date_gmt":"2015-06-11T00:22:52","guid":{"rendered":"http:\/\/www.ecuadoraldia.com.ec\/?p=9697"},"modified":"2015-06-11T00:22:52","modified_gmt":"2015-06-11T00:22:52","slug":"ministros-exponen-en-la-asamblea-alcances-del-proyecto-de-ley-de-herencias","status":"publish","type":"post","link":"https:\/\/www.ecuadoraldia.com.ec\/?p=9697","title":{"rendered":"Ministros exponen en la Asamblea alcances del proyecto de &#8216;Ley de Herencias&#8217;"},"content":{"rendered":"<p style=\"text-align: justify;\"><a href=\"http:\/\/www.ecuadoraldia.com.ec\/wp-content\/uploads\/2015\/06\/comision1.jpg\"><img loading=\"lazy\" decoding=\"async\" class=\"alignleft size-medium wp-image-9698\" src=\"http:\/\/www.ecuadoraldia.com.ec\/wp-content\/uploads\/2015\/06\/comision1-300x178.jpg\" alt=\"comision\" width=\"300\" height=\"178\" srcset=\"https:\/\/www.ecuadoraldia.com.ec\/wp-content\/uploads\/2015\/06\/comision1-300x178.jpg 300w, https:\/\/www.ecuadoraldia.com.ec\/wp-content\/uploads\/2015\/06\/comision1.jpg 635w\" sizes=\"(max-width: 300px) 100vw, 300px\" \/><\/a>La Comisi\u00f3n de R\u00e9gimen Econ\u00f3mico de la Asamblea Nacional inici\u00f3 este mi\u00e9rcoles el an\u00e1lisis del proyecto de Ley Org\u00e1nica de Redistribuci\u00f3n de la Riqueza, calificado de urgente en materia econ\u00f3mica.<\/p>\n<p style=\"text-align: justify;\">Virgilio Hern\u00e1ndez, presidente de la Comisi\u00f3n, convoc\u00f3 a los legisladores, luego de que el Consejo de Administraci\u00f3n Legislativa (CAL) diera paso al tr\u00e1mite de la norma que pretende implementar dos tablas de impuestos a las herencias.<\/p>\n<p style=\"text-align: justify;\">Patricio Rivera, ministro coordinador de la Pol\u00edtica Econ\u00f3mica, reiter\u00f3 ante los miembros de la Comisi\u00f3n que la propuesta de Ley no afectar\u00e1 al 98% de la poblaci\u00f3n, ya que esta solo se aplica al 2% de los habitantes ecuatorianos.<\/p>\n<p style=\"text-align: justify;\">Para que la aplicaci\u00f3n de esta tabla sea m\u00e1s sencilla de comprender, Rivera puso como ejemplo el caso de una familia promedio con 3 hijos y con un patrimonio de alrededor de $ 420 mil.<\/p>\n<p style=\"text-align: justify;\">Explic\u00f3 que con ese cuadro, este entorno familiar no pagar\u00eda ninguna tarifa, puesto que la mitad de dicho rubro ($ 210 mil) ser\u00e1n destinados al c\u00f3nyuge por y el otro 50% deber\u00e1 dividirse entre los 3 v\u00e1stagos, es decir $ 70 mil para cada uno. Y la tasa se aplica desde los $ 70.800.<\/p>\n<p style=\"text-align: justify;\">Rivera reiter\u00f3 que la denominada &#8216;Ley de Herencias&#8217; busca equidad y reducir la inequidad social. \u00abEsta tabla est\u00e1 dise\u00f1ada para un estrato social distinto. Lo que se busca, entre otras cosas, es crear mecanismos de evasi\u00f3n y deducci\u00f3n que existen en la actualidad por las familias m\u00e1s poderosas que existen en el pa\u00eds para no pagar impuestos\u00bb, dijo.<\/p>\n<p style=\"text-align: justify;\">El secretario coordinador aclar\u00f3 que la norma que se est\u00e1 proponiendo no afectar\u00e1 a las clases populares, ni siquiera a la clase media ni media alta. \u00abLa Ley de Herencias est\u00e1 dise\u00f1ada para el sector m\u00e1s alto de la sociedad, para el 0,1% m\u00e1s rico de la sociedad\u00bb, afirm\u00f3.<\/p>\n<p style=\"text-align: justify;\">Rivera indic\u00f3 que con la norma se evitar\u00e1 adem\u00e1s que las personas se valgan de otros recursos como son los fideicomisos. \u00abEn algunas casos las personas m\u00e1s pudientes utilizan estos mecanismos y ponen las propiedades a nombre de estos contratos\u00bb, indic\u00f3.<\/p>\n<p style=\"text-align: justify;\">Leonardo Orlando, director subrogante del Servicio de Rentas Internas (SRI), tambi\u00e9n proporcion\u00f3 datos sobre los fideicomisos (permite aislar bienes, flujos de fondos, negocios, derechos, etc., en un patrimonio independiente).<\/p>\n<p style=\"text-align: justify;\">Indic\u00f3 que en diciembre de 2014 se registraron 1.658 fideicomisos, de los cuales 819 se encuentran en administraci\u00f3n, 536 en garant\u00eda, 207 son de car\u00e1cter inmobiliario, 5 de inversi\u00f3n y 91 de titularizaci\u00f3n.<\/p>\n<p style=\"text-align: justify;\">Orlando reiter\u00f3 que las personas interesadas en realizar un c\u00e1lculo de cu\u00e1nto podr\u00edan pagar con base a esta tabla, pueden ingresar a la p\u00e1gina del SRI y realizar el respectivo estimado.<\/p>\n","protected":false},"excerpt":{"rendered":"<p>La Comisi\u00f3n de R\u00e9gimen Econ\u00f3mico de la Asamblea Nacional inici\u00f3 este mi\u00e9rcoles el an\u00e1lisis del proyecto de Ley Org\u00e1nica de<\/p>\n","protected":false},"author":1,"featured_media":0,"comment_status":"open","ping_status":"open","sticky":false,"template":"","format":"standard","meta":{"footnotes":""},"categories":[9,3],"tags":[],"_links":{"self":[{"href":"https:\/\/www.ecuadoraldia.com.ec\/index.php?rest_route=\/wp\/v2\/posts\/9697"}],"collection":[{"href":"https:\/\/www.ecuadoraldia.com.ec\/index.php?rest_route=\/wp\/v2\/posts"}],"about":[{"href":"https:\/\/www.ecuadoraldia.com.ec\/index.php?rest_route=\/wp\/v2\/types\/post"}],"author":[{"embeddable":true,"href":"https:\/\/www.ecuadoraldia.com.ec\/index.php?rest_route=\/wp\/v2\/users\/1"}],"replies":[{"embeddable":true,"href":"https:\/\/www.ecuadoraldia.com.ec\/index.php?rest_route=%2Fwp%2Fv2%2Fcomments&post=9697"}],"version-history":[{"count":1,"href":"https:\/\/www.ecuadoraldia.com.ec\/index.php?rest_route=\/wp\/v2\/posts\/9697\/revisions"}],"predecessor-version":[{"id":9699,"href":"https:\/\/www.ecuadoraldia.com.ec\/index.php?rest_route=\/wp\/v2\/posts\/9697\/revisions\/9699"}],"wp:attachment":[{"href":"https:\/\/www.ecuadoraldia.com.ec\/index.php?rest_route=%2Fwp%2Fv2%2Fmedia&parent=9697"}],"wp:term":[{"taxonomy":"category","embeddable":true,"href":"https:\/\/www.ecuadoraldia.com.ec\/index.php?rest_route=%2Fwp%2Fv2%2Fcategories&post=9697"},{"taxonomy":"post_tag","embeddable":true,"href":"https:\/\/www.ecuadoraldia.com.ec\/index.php?rest_route=%2Fwp%2Fv2%2Ftags&post=9697"}],"curies":[{"name":"wp","href":"https:\/\/api.w.org\/{rel}","templated":true}]}}