{"id":9700,"date":"2015-06-12T00:47:27","date_gmt":"2015-06-12T00:47:27","guid":{"rendered":"http:\/\/www.ecuadoraldia.com.ec\/?p=9700"},"modified":"2015-06-12T00:47:27","modified_gmt":"2015-06-12T00:47:27","slug":"correa-llama-a-los-pueblos-a-rechazar-a-los-golpistas","status":"publish","type":"post","link":"https:\/\/www.ecuadoraldia.com.ec\/?p=9700","title":{"rendered":"Correa llama a los Pueblos a rechazar a los golpistas"},"content":{"rendered":"<figure id=\"attachment_9701\" aria-describedby=\"caption-attachment-9701\" style=\"width: 275px\" class=\"wp-caption alignleft\"><a href=\"http:\/\/www.ecuadoraldia.com.ec\/wp-content\/uploads\/2015\/06\/cumbre2.jpg\"><img loading=\"lazy\" decoding=\"async\" class=\"size-full wp-image-9701\" src=\"http:\/\/www.ecuadoraldia.com.ec\/wp-content\/uploads\/2015\/06\/cumbre2.jpg\" alt=\"El Mandatario denunci\u00f3 a la oposici\u00f3n &quot;violenta&quot; que ayer agredi\u00f3 a seguidores del Gobierno en las marchas.\" width=\"275\" height=\"203\" \/><\/a><figcaption id=\"caption-attachment-9701\" class=\"wp-caption-text\">El Mandatario denunci\u00f3 a la oposici\u00f3n \u00abviolenta\u00bb que ayer agredi\u00f3 a seguidores del Gobierno en las marchas.<\/figcaption><\/figure>\n<p style=\"text-align: justify;\">En la clausura de la Cumbre de los Pueblos, que se desarroll\u00f3 en Bruselas, el presidente Rafael Correa se refiri\u00f3 a la situaci\u00f3n que se vive en Ecuador por el rechazo de sectores de la oposici\u00f3n a las pol\u00edticas gubernamentales, en especial el proyecto de ley de impuesto a las herencias.<\/p>\n<p style=\"text-align: justify;\">En la cumbre, el Mandatario ecuatoriano explic\u00f3 que el impuesto progresivo afectar\u00e1 solo al 2% de la poblaci\u00f3n, a \u00ablos m\u00e1s ricos entre los ricos\u00bb.<\/p>\n<p style=\"text-align: justify;\">\u00abYa reaccion\u00f3 la oligarqu\u00eda, la burgues\u00eda. Tambi\u00e9n estaban esperando una oportunidad, porque ya lo hemos denunciado, hay una restauraci\u00f3n conservadora en marcha en Ecuador y en toda Am\u00e9rica Latina. Se han recuperado del aturdimiento en que los dej\u00f3 el desastre neoliberal (&#8230;) Ya no es la misma derecha desarticulada, aturdida, hoy est\u00e1n articuladas esas fuerzas reaccionarias a nivel nacional e internacional, con la complicidad de sus medios de comunicaci\u00f3n y no se imaginan la reacci\u00f3n que estamos teniendo frente a algo tan obvio como los impuestos progresivos para las herencias\u00bb, apunt\u00f3 el Jefe de Estado.<\/p>\n<p style=\"text-align: justify;\">\u00abPor supuesto, mete el dedo en la llaga, la excesiva concentraci\u00f3n de la riqueza, pero calculamos que eso afectar\u00e1 a menos del 2% de la poblaci\u00f3n. De esta minor\u00eda absoluta son los due\u00f1os de los medios de comunicaci\u00f3n, son los due\u00f1os del poder econ\u00f3mico y hoy tenemos graves disturbios en Ecuador\u00bb, a\u00f1adi\u00f3 el Mandatario.<\/p>\n<p style=\"text-align: justify;\">En este espacio, Correa denunci\u00f3 que durante las manifestaciones registradas ayer, en Quito, varios de los simpatizantes del Gobierno fueron agredidos. \u00abTenemos la inmensa mayor\u00eda, pero es mayor\u00eda pac\u00edfica, silenciosa, realmente esa gente est\u00e1 muy agresiva, muy violenta. Ayer golpearon a decenas de compa\u00f1eros nuestros, los agredieron, ninguno de ellos (los opositores) fue agredido y esto continuar\u00e1 compa\u00f1eros. No quieren llegar a febrero de 2017 (elecciones), porque saben que ser\u00e1n derrotados nuevamente. Est\u00e1n poniendo toda la carne al asador, tienen asesores extranjeros\u00bb, dijo.<\/p>\n<p style=\"text-align: justify;\">Correa indic\u00f3 que se desinforma y se dice que el impuesto busca afectar a las familias y los emprendimientos familiares.<\/p>\n<p style=\"text-align: justify;\">\u00abLa situaci\u00f3n es bastante delicada en Ecuador\u00bb, subray\u00f3 el Presidente al pedir a todos, en especial a los migrantes, estar atentos, comunicarse con sus familiares para alertarlos de que no se dejen enga\u00f1ar. \u00abSon los ricos entre los ricos los que tendr\u00e1n que pagar algo como es su deber social, porque su riqueza tambi\u00e9n fue fruto del sudor de sus trabajadores, fruto de recursos sociales\u00bb, subray\u00f3.<\/p>\n<p style=\"text-align: justify;\">El Presidente reiter\u00f3 que lo que se busca es la democratizaci\u00f3n de la riqueza y los medios de producci\u00f3n, e insisti\u00f3 en su llamado. \u00abLes pido a todos y a todas estar muy atentos, activar las redes sociales, en Europa, Am\u00e9rica Latina, las centenas de miles y millones de hermanos migrantes en Europa que nos apoyan tanto (&#8230;) a rechazar a los golpistas y no dejen de demostrarles que somos m\u00e1s, much\u00edsimos m\u00e1s. Por una Am\u00e9rica Latina m\u00e1s justa, igualitaria, venceremos\u00bb, dijo.<\/p>\n<p style=\"text-align: justify;\">En su discurso, el Mandatario tambi\u00e9n se refiri\u00f3 a la crisis europea. \u00abToda esa pol\u00edtica monetaria que ha prolongado la crisis aqu\u00ed en Europa fue para defender los intereses del capital financiero\u00bb, sostuvo.<\/p>\n<p style=\"text-align: justify;\">Sin embargo, destac\u00f3 que ese continente ya est\u00e1 reaccionando. Aprovech\u00f3 para felicitar \u00aba los compa\u00f1eros de Podemos y todos los grupos que han vencido en las elecciones locales espa\u00f1olas. En especial a esa gran denunciante del atraco de las hipotecas, Ada Colau, una querida amiga que acaba de ganar la alcald\u00eda en Barcelona, Catalu\u00f1a. Pero hay que seguir reaccionando, hay que seguir indign\u00e1ndose\u00bb, apunt\u00f3.(El telegrafo)<\/p>\n","protected":false},"excerpt":{"rendered":"<p>En la clausura de la Cumbre de los Pueblos, que se desarroll\u00f3 en Bruselas, el presidente Rafael Correa se refiri\u00f3<\/p>\n","protected":false},"author":1,"featured_media":0,"comment_status":"open","ping_status":"open","sticky":false,"template":"","format":"standard","meta":{"footnotes":""},"categories":[3],"tags":[],"_links":{"self":[{"href":"https:\/\/www.ecuadoraldia.com.ec\/index.php?rest_route=\/wp\/v2\/posts\/9700"}],"collection":[{"href":"https:\/\/www.ecuadoraldia.com.ec\/index.php?rest_route=\/wp\/v2\/posts"}],"about":[{"href":"https:\/\/www.ecuadoraldia.com.ec\/index.php?rest_route=\/wp\/v2\/types\/post"}],"author":[{"embeddable":true,"href":"https:\/\/www.ecuadoraldia.com.ec\/index.php?rest_route=\/wp\/v2\/users\/1"}],"replies":[{"embeddable":true,"href":"https:\/\/www.ecuadoraldia.com.ec\/index.php?rest_route=%2Fwp%2Fv2%2Fcomments&post=9700"}],"version-history":[{"count":1,"href":"https:\/\/www.ecuadoraldia.com.ec\/index.php?rest_route=\/wp\/v2\/posts\/9700\/revisions"}],"predecessor-version":[{"id":9702,"href":"https:\/\/www.ecuadoraldia.com.ec\/index.php?rest_route=\/wp\/v2\/posts\/9700\/revisions\/9702"}],"wp:attachment":[{"href":"https:\/\/www.ecuadoraldia.com.ec\/index.php?rest_route=%2Fwp%2Fv2%2Fmedia&parent=9700"}],"wp:term":[{"taxonomy":"category","embeddable":true,"href":"https:\/\/www.ecuadoraldia.com.ec\/index.php?rest_route=%2Fwp%2Fv2%2Fcategories&post=9700"},{"taxonomy":"post_tag","embeddable":true,"href":"https:\/\/www.ecuadoraldia.com.ec\/index.php?rest_route=%2Fwp%2Fv2%2Ftags&post=9700"}],"curies":[{"name":"wp","href":"https:\/\/api.w.org\/{rel}","templated":true}]}}