{"id":9703,"date":"2015-06-12T00:50:41","date_gmt":"2015-06-12T00:50:41","guid":{"rendered":"http:\/\/www.ecuadoraldia.com.ec\/?p=9703"},"modified":"2015-06-12T00:50:41","modified_gmt":"2015-06-12T00:50:41","slug":"perez-dice-que-no-renunciara-a-su-cargo","status":"publish","type":"post","link":"https:\/\/www.ecuadoraldia.com.ec\/?p=9703","title":{"rendered":"P\u00e9rez dice que no renunciar\u00e1 a su cargo"},"content":{"rendered":"<p style=\"text-align: justify;\">El president<a href=\"http:\/\/www.ecuadoraldia.com.ec\/wp-content\/uploads\/2015\/06\/ottoperez.jpg\"><img loading=\"lazy\" decoding=\"async\" class=\"alignleft size-full wp-image-9704\" src=\"http:\/\/www.ecuadoraldia.com.ec\/wp-content\/uploads\/2015\/06\/ottoperez.jpg\" alt=\"ottoperez\" width=\"265\" height=\"164\" \/><\/a>e de Guatemala, Otto P\u00e9rez, se pronunci\u00f3 sobre la decisi\u00f3n de la Corte Suprema de Justicia (CSJ) de su pa\u00eds de dar tr\u00e1mite a una solicitud de antejuicio en su contra, por su supuesta participaci\u00f3n en esc\u00e1ndalos de corrupci\u00f3n. En su discurso ratific\u00f3 que no renunciar\u00e1.<\/p>\n<p style=\"text-align: justify;\">\u00abMe voy a mantener en el cargo, yo tengo una responsabilidad constitucional\u00bb, sostuvo P\u00e9rez.<\/p>\n<p style=\"text-align: justify;\">En su decisi\u00f3n, la CSJ tambi\u00e9n pidi\u00f3 al Congreso evaluar si retira la inmunidad al Primer Mandatario.<\/p>\n<p style=\"text-align: justify;\">\u00abYo estoy dispuesto a seguir con el debido proceso (del antejuicio), pero voy a seguir trabajando hasta el \u00faltimo momento para servirle al pueblo de Guatemala (&#8230;). Yo no tengo ninguna responsabilidad y me puedo sentir tranquilo que no he cometido ning\u00fan hecho delictivo\u00bb, se\u00f1al\u00f3 el gobernante, quien culmina su periodo de cuatro a\u00f1os en enero pr\u00f3ximo.<\/p>\n<p style=\"text-align: justify;\">El mi\u00e9rcoles la Corte Suprema de Justicia (CSJ) aval\u00f3 la petici\u00f3n de antejuicio hecha por el diputado Am\u00edlcar Pop del opositor partido Winaq, quien argumenta que el presidente incurri\u00f3 en delitos de asociaci\u00f3n il\u00edcita, incumplimiento de deberes y encubrimiento propio.<\/p>\n<p style=\"text-align: justify;\">Tras la decisi\u00f3n judicial el Congreso debe decidir si levanta la inmunidad a P\u00e9rez para someterlo a un proceso penal.<\/p>\n<p style=\"text-align: justify;\">Analistas pol\u00edticos y diputados opositores estimaron que el antejuicio \u00abes el preludio\u00bb de su renuncia.<\/p>\n<p style=\"text-align: justify;\">Seg\u00fan la acusaci\u00f3n, P\u00e9rez tiene responsabilidad directa en fraudes millonarios revelados en el sistema de aduanas y el seguro social, que involucran a altos funcionarios de su gobierno.<\/p>\n<p style=\"text-align: justify;\">El pasado 16 de abril la Fiscal\u00eda y la Comisi\u00f3n Internacional contra la Impunidad en Guatemala (Cicig), un ente avalado por la ONU para sanear el sistema judicial guatemalteco, revelaron la existencia de la red de sobornos en las aduanas para evadir el pago de impuestos.<\/p>\n<p style=\"text-align: justify;\">Entre tanto, el pasado 20 de mayo fueron arrestados el presidente del Banco de Guatemala (Central), Julio Su\u00e1rez, y el presidente del Seguro Social (IGSS), el militar Juan de Dios Rodr\u00edguez, muy allegado al mandatario, acusados de participar en la adjudicaci\u00f3n irregular de un millonario contrato de medicamentos (Agencias)<\/p>\n","protected":false},"excerpt":{"rendered":"<p>El presidente de Guatemala, Otto P\u00e9rez, se pronunci\u00f3 sobre la decisi\u00f3n de la Corte Suprema de Justicia (CSJ) de su<\/p>\n","protected":false},"author":1,"featured_media":0,"comment_status":"open","ping_status":"open","sticky":false,"template":"","format":"standard","meta":{"footnotes":""},"categories":[7],"tags":[],"_links":{"self":[{"href":"https:\/\/www.ecuadoraldia.com.ec\/index.php?rest_route=\/wp\/v2\/posts\/9703"}],"collection":[{"href":"https:\/\/www.ecuadoraldia.com.ec\/index.php?rest_route=\/wp\/v2\/posts"}],"about":[{"href":"https:\/\/www.ecuadoraldia.com.ec\/index.php?rest_route=\/wp\/v2\/types\/post"}],"author":[{"embeddable":true,"href":"https:\/\/www.ecuadoraldia.com.ec\/index.php?rest_route=\/wp\/v2\/users\/1"}],"replies":[{"embeddable":true,"href":"https:\/\/www.ecuadoraldia.com.ec\/index.php?rest_route=%2Fwp%2Fv2%2Fcomments&post=9703"}],"version-history":[{"count":1,"href":"https:\/\/www.ecuadoraldia.com.ec\/index.php?rest_route=\/wp\/v2\/posts\/9703\/revisions"}],"predecessor-version":[{"id":9705,"href":"https:\/\/www.ecuadoraldia.com.ec\/index.php?rest_route=\/wp\/v2\/posts\/9703\/revisions\/9705"}],"wp:attachment":[{"href":"https:\/\/www.ecuadoraldia.com.ec\/index.php?rest_route=%2Fwp%2Fv2%2Fmedia&parent=9703"}],"wp:term":[{"taxonomy":"category","embeddable":true,"href":"https:\/\/www.ecuadoraldia.com.ec\/index.php?rest_route=%2Fwp%2Fv2%2Fcategories&post=9703"},{"taxonomy":"post_tag","embeddable":true,"href":"https:\/\/www.ecuadoraldia.com.ec\/index.php?rest_route=%2Fwp%2Fv2%2Ftags&post=9703"}],"curies":[{"name":"wp","href":"https:\/\/api.w.org\/{rel}","templated":true}]}}