{"id":9706,"date":"2015-06-12T00:56:03","date_gmt":"2015-06-12T00:56:03","guid":{"rendered":"http:\/\/www.ecuadoraldia.com.ec\/?p=9706"},"modified":"2015-06-12T00:56:03","modified_gmt":"2015-06-12T00:56:03","slug":"asamblea-sesiono-ayer-con-banderas-del-ecuador","status":"publish","type":"post","link":"https:\/\/www.ecuadoraldia.com.ec\/?p=9706","title":{"rendered":"Asamblea sesion\u00f3 ayer con banderas del Ecuador"},"content":{"rendered":"<p style=\"text-align: justify;\"><a href=\"http:\/\/www.ecuadoraldia.com.ec\/wp-content\/uploads\/2015\/06\/SESIONASAMBLEA_BANDERAS.jpg\"><img loading=\"lazy\" decoding=\"async\" class=\"alignleft size-full wp-image-9707\" src=\"http:\/\/www.ecuadoraldia.com.ec\/wp-content\/uploads\/2015\/06\/SESIONASAMBLEA_BANDERAS.jpg\" alt=\"SESIONASAMBLEA_BANDERAS\" width=\"287\" height=\"197\" \/><\/a>Con 89 votos a favor y 23 negativos, el pleno de la Asamblea Nacional se allan\u00f3 a la objeci\u00f3n parcial al proyecto de reformas al C\u00f3digo Civil.<\/p>\n<p style=\"text-align: justify;\">El Legislativo se allan\u00f3 a las objeciones a los art\u00edculos 40 y 57, que fueron planteadas por el presidente Rafael Correa.<\/p>\n<p style=\"text-align: justify;\">En el momento de la instalaci\u00f3n de la sesi\u00f3n, varios legisladores de la oposici\u00f3n comenzaron a gritar: \u00abNo m\u00e1s impuestos\u00bb. A lo que los legisladores de Alianza PAIS respondieron: \u00abFuera golpistas\u00bb.<\/p>\n<p style=\"text-align: justify;\">Los legisladores del movimiento oficialista colocaron varias banderas del Ecuador en sus curules, al igual que los asamble\u00edstas de oposici\u00f3n, quienes tambi\u00e9n se colocaron al frente del estrado para cantar el Himno Nacional.<\/p>\n<p style=\"text-align: justify;\">Luego de que el Pleno aprobara el Convenio Ecuador-Camboya y el Protocolo para la eliminaci\u00f3n del comercio il\u00edcito de productos de tabaco, la presidenta de la Asamblea suspendi\u00f3 la sesi\u00f3n.<\/p>\n<p style=\"text-align: justify;\">Se estima que para la pr\u00f3xima semana se reanudar\u00e1 el an\u00e1lisis sobre las objeciones presidenciales referentes a los art\u00edculos 10,11 y 20 y una disposici\u00f3n derogatoria.<\/p>\n<p style=\"text-align: justify;\">Entre los articulados que \u00e1un restar\u00edan por aprobarse est\u00e1 el referente al cuidado de los ni\u00f1os, que seg\u00fan se dictamina se cumplir\u00e1 en vigencia de lo que dispone el C\u00f3digo de la Ni\u00f1ez y Adolescencia.<\/p>\n<p style=\"text-align: justify;\">En lo que tiene que ver con las causales de divorcio, el Ejecutivo plantea que el abandono voluntario e injustificado del otro c\u00f3nyuge por m\u00e1s de un a\u00f1o (de forma ininterrumpida) ser\u00e1 una causal de divorcio. Sin embargo, hay quienes proponen que el plazo sea de 6 meses y otros sugieren 1 a\u00f1o.<\/p>\n<p style=\"text-align: justify;\">Sobre este punto, asamble\u00edstas de oposici\u00f3n, entre ellos, Luis Fernando Torres, consideran que el plazo de 1 a\u00f1o es prudencial, en comparaci\u00f3n con los 6 meses que estaban propuestos en un principio.<\/p>\n<p style=\"text-align: justify;\">Ante esto, Mauro Andino, presidente de la Comisi\u00f3n de Justicia, record\u00f3 que el abandono voluntario e injustificado por el lapso de 6 meses ser\u00eda una de las 9 causales de divorcio. Considera que con esta disposici\u00f3n no vulnera a la estabilidad familiar. (El tel\u00e9grafo)<\/p>\n","protected":false},"excerpt":{"rendered":"<p>Con 89 votos a favor y 23 negativos, el pleno de la Asamblea Nacional se allan\u00f3 a la objeci\u00f3n parcial<\/p>\n","protected":false},"author":1,"featured_media":0,"comment_status":"open","ping_status":"open","sticky":false,"template":"","format":"standard","meta":{"footnotes":""},"categories":[1],"tags":[],"_links":{"self":[{"href":"https:\/\/www.ecuadoraldia.com.ec\/index.php?rest_route=\/wp\/v2\/posts\/9706"}],"collection":[{"href":"https:\/\/www.ecuadoraldia.com.ec\/index.php?rest_route=\/wp\/v2\/posts"}],"about":[{"href":"https:\/\/www.ecuadoraldia.com.ec\/index.php?rest_route=\/wp\/v2\/types\/post"}],"author":[{"embeddable":true,"href":"https:\/\/www.ecuadoraldia.com.ec\/index.php?rest_route=\/wp\/v2\/users\/1"}],"replies":[{"embeddable":true,"href":"https:\/\/www.ecuadoraldia.com.ec\/index.php?rest_route=%2Fwp%2Fv2%2Fcomments&post=9706"}],"version-history":[{"count":1,"href":"https:\/\/www.ecuadoraldia.com.ec\/index.php?rest_route=\/wp\/v2\/posts\/9706\/revisions"}],"predecessor-version":[{"id":9708,"href":"https:\/\/www.ecuadoraldia.com.ec\/index.php?rest_route=\/wp\/v2\/posts\/9706\/revisions\/9708"}],"wp:attachment":[{"href":"https:\/\/www.ecuadoraldia.com.ec\/index.php?rest_route=%2Fwp%2Fv2%2Fmedia&parent=9706"}],"wp:term":[{"taxonomy":"category","embeddable":true,"href":"https:\/\/www.ecuadoraldia.com.ec\/index.php?rest_route=%2Fwp%2Fv2%2Fcategories&post=9706"},{"taxonomy":"post_tag","embeddable":true,"href":"https:\/\/www.ecuadoraldia.com.ec\/index.php?rest_route=%2Fwp%2Fv2%2Ftags&post=9706"}],"curies":[{"name":"wp","href":"https:\/\/api.w.org\/{rel}","templated":true}]}}