{"id":9709,"date":"2015-06-12T00:58:25","date_gmt":"2015-06-12T00:58:25","guid":{"rendered":"http:\/\/www.ecuadoraldia.com.ec\/?p=9709"},"modified":"2015-06-12T00:58:25","modified_gmt":"2015-06-12T00:58:25","slug":"ame-expresa-su-rechazo-a-intentos-de-desestabilizacion","status":"publish","type":"post","link":"https:\/\/www.ecuadoraldia.com.ec\/?p=9709","title":{"rendered":"AME expresa su rechazo a intentos de desestabilizaci\u00f3n"},"content":{"rendered":"<p style=\"text-align: justify;\"><a href=\"http:\/\/www.ecuadoraldia.com.ec\/wp-content\/uploads\/2015\/06\/AME-.jpg\"><img loading=\"lazy\" decoding=\"async\" class=\"alignleft size-medium wp-image-9710\" src=\"http:\/\/www.ecuadoraldia.com.ec\/wp-content\/uploads\/2015\/06\/AME--300x151.jpg\" alt=\"-AME-\" width=\"300\" height=\"151\" srcset=\"https:\/\/www.ecuadoraldia.com.ec\/wp-content\/uploads\/2015\/06\/AME--300x151.jpg 300w, https:\/\/www.ecuadoraldia.com.ec\/wp-content\/uploads\/2015\/06\/AME-.jpg 420w\" sizes=\"(max-width: 300px) 100vw, 300px\" \/><\/a>Daniel Avecilla, presidente de la Asociaci\u00f3n de Municipalidades del Ecuador (AME), ofreci\u00f3 una rueda de prensa en compa\u00f1\u00eda de varios alcaldes de la entidad y de Marcela Agui\u00f1aga, segunda vicepresidenta de la Asamblea Nacional; para mostrar su postura respecto a las diversas concentraciones que se han realizado en varias ciudades del pa\u00eds en contra del Gobierno.<\/p>\n<p style=\"text-align: justify;\">El titular de la AME -quien tambi\u00e9n es el burgomaestre de Yaguachi- record\u00f3 que las 193 alcald\u00edas que conforman esa instituci\u00f3n firmaron un manifiesto en Cuenca hace un a\u00f1o aproximadamente dando su apoyo al Gobierno Nacional y sus pol\u00edticas.<\/p>\n<p style=\"text-align: justify;\">\u00abRechazamos los intentos de desestabilizaci\u00f3n, y como alcaldes electos por votaci\u00f3n popular no estamos de acuerdo. Si fueran al menos pac\u00edficas y de di\u00e1logo, pero no con violencia. Decimos no a los golpistas, no a los pol\u00edticos del pasado\u00bb.<\/p>\n<p style=\"text-align: justify;\">Asimismo, Avecilla se\u00f1al\u00f3 algunas de las razones por las que la AME est\u00e1 apoyando las medidas del Gobierno, como son los cerca de $ 3 mil millones en cr\u00e9ditos subsidiados por medio del Banco del Estado para poder realizar obras de saneamiento ambiental, infraestructura de alcantarillado, aguas servidas y potable, mejoras en los mercados y camales, entre otras; reciben puntualmente sus asignaciones que les permiten planificar y ejecutar sus proyectos, adem\u00e1s de un incremento en las mismas y no deben rogar por partidas extrapresupuestarias.<\/p>\n<p style=\"text-align: justify;\">El representante de los 193 municipios tambi\u00e9n mencion\u00f3 que todos est\u00e1n de acuerdo en su postura y pronunciamiento en contra de las marchas a pesar de ser de partidos y movimientos pol\u00edticos distintos (s\u00f3lo 70 pertenecen a Alianza PAIS); y destac\u00f3 que la ciudadan\u00eda deber\u00eda leer realmente el proyecto de Ley de Herencias ya que esta solo busca justicia social y afectar\u00eda realmente al 2% de la poblaci\u00f3n.<\/p>\n<p style=\"text-align: justify;\">Sobre este punto, Agui\u00f1aga indic\u00f3 que esta ley lo que busca es la distribuci\u00f3n equitativa de las riquezas, como lo har\u00eda un verdadero gobierno de izquierda que piensa en la gente.<\/p>\n<p style=\"text-align: justify;\">\u00abLlamo a la calma, al respeto a la democracia. \u00bfD\u00f3nde estaban cuando se declar\u00f3 el feriado bancario, provocando la migraci\u00f3n? Nosotros haremos nuestros plantones a favor de la democracia. Estos proyectos no tocan a la clase media. No vamos a permitir que quieran ganar lo que no han ganado en las urnas\u00bb, expres\u00f3. (telegrafo)<\/p>\n","protected":false},"excerpt":{"rendered":"<p>Daniel Avecilla, presidente de la Asociaci\u00f3n de Municipalidades del Ecuador (AME), ofreci\u00f3 una rueda de prensa en compa\u00f1\u00eda de varios<\/p>\n","protected":false},"author":1,"featured_media":0,"comment_status":"open","ping_status":"open","sticky":false,"template":"","format":"standard","meta":{"footnotes":""},"categories":[1],"tags":[],"_links":{"self":[{"href":"https:\/\/www.ecuadoraldia.com.ec\/index.php?rest_route=\/wp\/v2\/posts\/9709"}],"collection":[{"href":"https:\/\/www.ecuadoraldia.com.ec\/index.php?rest_route=\/wp\/v2\/posts"}],"about":[{"href":"https:\/\/www.ecuadoraldia.com.ec\/index.php?rest_route=\/wp\/v2\/types\/post"}],"author":[{"embeddable":true,"href":"https:\/\/www.ecuadoraldia.com.ec\/index.php?rest_route=\/wp\/v2\/users\/1"}],"replies":[{"embeddable":true,"href":"https:\/\/www.ecuadoraldia.com.ec\/index.php?rest_route=%2Fwp%2Fv2%2Fcomments&post=9709"}],"version-history":[{"count":1,"href":"https:\/\/www.ecuadoraldia.com.ec\/index.php?rest_route=\/wp\/v2\/posts\/9709\/revisions"}],"predecessor-version":[{"id":9711,"href":"https:\/\/www.ecuadoraldia.com.ec\/index.php?rest_route=\/wp\/v2\/posts\/9709\/revisions\/9711"}],"wp:attachment":[{"href":"https:\/\/www.ecuadoraldia.com.ec\/index.php?rest_route=%2Fwp%2Fv2%2Fmedia&parent=9709"}],"wp:term":[{"taxonomy":"category","embeddable":true,"href":"https:\/\/www.ecuadoraldia.com.ec\/index.php?rest_route=%2Fwp%2Fv2%2Fcategories&post=9709"},{"taxonomy":"post_tag","embeddable":true,"href":"https:\/\/www.ecuadoraldia.com.ec\/index.php?rest_route=%2Fwp%2Fv2%2Ftags&post=9709"}],"curies":[{"name":"wp","href":"https:\/\/api.w.org\/{rel}","templated":true}]}}