{"id":9712,"date":"2015-06-12T11:47:37","date_gmt":"2015-06-12T11:47:37","guid":{"rendered":"http:\/\/www.ecuadoraldia.com.ec\/?p=9712"},"modified":"2015-06-12T11:47:37","modified_gmt":"2015-06-12T11:47:37","slug":"nos-quieren-volver-al-pasado-con-enganos","status":"publish","type":"post","link":"https:\/\/www.ecuadoraldia.com.ec\/?p=9712","title":{"rendered":"\u201cNos quieren volver al pasado con enga\u00f1os\u201d"},"content":{"rendered":"<p style=\"text-align: justify;\"><a href=\"http:\/\/www.ecuadoraldia.com.ec\/wp-content\/uploads\/2015\/06\/protestas.jpg\"><img loading=\"lazy\" decoding=\"async\" class=\"alignleft size-full wp-image-9713\" src=\"http:\/\/www.ecuadoraldia.com.ec\/wp-content\/uploads\/2015\/06\/protestas.jpg\" alt=\"-protestas\" width=\"298\" height=\"198\" \/><\/a>El presidente Rafael Correa se\u00f1al\u00f3 desde Bruselas que las manifestaciones de la oposici\u00f3n son una estrategia. \u201cEse es el pretexto para lanzar toda la ofensiva\u201d, agreg\u00f3 el Mandatario, recordando que estos grupos se preparan desde hace tiempo. \u201cEs una pena que nos quieran volver al pasado con enga\u00f1os, manipulando a la gente\u201d, dijo Correa, quien se\u00f1al\u00f3 que dentro de las manifestaciones hay \u201cgente muy agresiva y violenta\u201d.<\/p>\n<p style=\"text-align: justify;\">Mientras, en varias ciudades se dio otra jornada de manifestaciones a favor y en contra del Gobierno, sin la vehemencia de d\u00edas anteriores.<\/p>\n<p style=\"text-align: justify;\">En Quito, la oposici\u00f3n inici\u00f3 la jornada pasadas las 17:00. Un cerco policial dividi\u00f3 a unos 300 manifestantes que se ubicaron a la altura de la calle Holanda y av. Los Shyris. Se vieron rostros conocidos, como el excoronel C\u00e9sar Carri\u00f3n, procesado por el 30S, o el editor de diario La Hora, Luis Eduardo Vivanco. En medio de la manifestaci\u00f3n pac\u00edfica, ciudadanos quemaron una bandera de Alianza PAIS entre arengas.<\/p>\n<p style=\"text-align: justify;\">Lea tambi\u00e9n: \u201cAs\u00ed como Chile era el ejemplo en los 90, ahora lo es Ecuador\u201d<\/p>\n<p style=\"text-align: justify;\">Miembros de PAIS se reunieron en Los Shyris. Una pantalla fue colocada en la sede del Movimiento para que los asistentes observaran el partido Ecuador-Chile en la inauguraci\u00f3n de la Copa Am\u00e9rica.<\/p>\n<p style=\"text-align: justify;\">El asamble\u00edsta Virgilio Hern\u00e1ndez afirm\u00f3 que el respaldo recibido en estos d\u00edas demuestra que el gobierno de la Revoluci\u00f3n Ciudadana es para el pueblo y los sectores medios. \u201cEn la medida que hay justicia, equidad, tambi\u00e9n hay impacto social\u201d, indic\u00f3.<\/p>\n<p style=\"text-align: justify;\">En Cuenca, los opositores permanecieron en el parque Calder\u00f3n, en menor cantidad que el mi\u00e9rcoles. De nuevo hubo gritos contra el r\u00e9gimen; mientras, los partidarios del Gobierno se fueron hasta su sede, situada en el sur de la ciudad.<\/p>\n<p style=\"text-align: justify;\">En Machala, Tulc\u00e1n y Ambato tambi\u00e9n hubo manifestaciones, que se desarrollaron sin contratiempos.<\/p>\n<p style=\"text-align: justify;\">Consignas en la Asamblea<\/p>\n<p style=\"text-align: justify;\">En el momento de la instalaci\u00f3n de la sesi\u00f3n de la Asamblea, los legisladores de la oposici\u00f3n gritaron \u201cNo m\u00e1s impuestos\u201d. Los parlamentarios de Alianza PAIS respondieron: \u201cFuera golpistas\u201d.<\/p>\n<p style=\"text-align: justify;\">Estos \u00faltimos colocaron banderas de Ecuador en sus curules, al igual que los asamble\u00edstas de oposici\u00f3n, quienes se ubicaron al frente del estrado para cantar el Himno Nacional. Mauro Andino, asamble\u00edsta de PAIS, asegur\u00f3 que las banderas eran para defender al actual gobierno y apoyar a la Selecci\u00f3n de F\u00fatbol. (El telegrafo)<\/p>\n","protected":false},"excerpt":{"rendered":"<p>El presidente Rafael Correa se\u00f1al\u00f3 desde Bruselas que las manifestaciones de la oposici\u00f3n son una estrategia. \u201cEse es el pretexto<\/p>\n","protected":false},"author":1,"featured_media":0,"comment_status":"open","ping_status":"open","sticky":false,"template":"","format":"standard","meta":{"footnotes":""},"categories":[3],"tags":[],"_links":{"self":[{"href":"https:\/\/www.ecuadoraldia.com.ec\/index.php?rest_route=\/wp\/v2\/posts\/9712"}],"collection":[{"href":"https:\/\/www.ecuadoraldia.com.ec\/index.php?rest_route=\/wp\/v2\/posts"}],"about":[{"href":"https:\/\/www.ecuadoraldia.com.ec\/index.php?rest_route=\/wp\/v2\/types\/post"}],"author":[{"embeddable":true,"href":"https:\/\/www.ecuadoraldia.com.ec\/index.php?rest_route=\/wp\/v2\/users\/1"}],"replies":[{"embeddable":true,"href":"https:\/\/www.ecuadoraldia.com.ec\/index.php?rest_route=%2Fwp%2Fv2%2Fcomments&post=9712"}],"version-history":[{"count":1,"href":"https:\/\/www.ecuadoraldia.com.ec\/index.php?rest_route=\/wp\/v2\/posts\/9712\/revisions"}],"predecessor-version":[{"id":9714,"href":"https:\/\/www.ecuadoraldia.com.ec\/index.php?rest_route=\/wp\/v2\/posts\/9712\/revisions\/9714"}],"wp:attachment":[{"href":"https:\/\/www.ecuadoraldia.com.ec\/index.php?rest_route=%2Fwp%2Fv2%2Fmedia&parent=9712"}],"wp:term":[{"taxonomy":"category","embeddable":true,"href":"https:\/\/www.ecuadoraldia.com.ec\/index.php?rest_route=%2Fwp%2Fv2%2Fcategories&post=9712"},{"taxonomy":"post_tag","embeddable":true,"href":"https:\/\/www.ecuadoraldia.com.ec\/index.php?rest_route=%2Fwp%2Fv2%2Ftags&post=9712"}],"curies":[{"name":"wp","href":"https:\/\/api.w.org\/{rel}","templated":true}]}}