{"id":9715,"date":"2015-06-12T11:48:54","date_gmt":"2015-06-12T11:48:54","guid":{"rendered":"http:\/\/www.ecuadoraldia.com.ec\/?p=9715"},"modified":"2015-06-12T11:48:54","modified_gmt":"2015-06-12T11:48:54","slug":"la-ue-y-celac-buscaran-un-acuerdo-vinculante-contra-cambio-climatico","status":"publish","type":"post","link":"https:\/\/www.ecuadoraldia.com.ec\/?p=9715","title":{"rendered":"La UE y Celac buscar\u00e1n un acuerdo vinculante contra cambio clim\u00e1tico"},"content":{"rendered":"<figure id=\"attachment_9716\" aria-describedby=\"caption-attachment-9716\" style=\"width: 287px\" class=\"wp-caption alignleft\"><a href=\"http:\/\/www.ecuadoraldia.com.ec\/wp-content\/uploads\/2015\/06\/rcdue.jpg\"><img loading=\"lazy\" decoding=\"async\" class=\"size-full wp-image-9716\" src=\"http:\/\/www.ecuadoraldia.com.ec\/wp-content\/uploads\/2015\/06\/rcdue.jpg\" alt=\"CREATOR: gd-jpeg v1.0 (using IJG JPEG v62), quality = 90\" width=\"287\" height=\"188\" \/><\/a><figcaption id=\"caption-attachment-9716\" class=\"wp-caption-text\">CREATOR: gd-jpeg v1.0 (using IJG JPEG v62), quality = 90<\/figcaption><\/figure>\n<p style=\"text-align: justify;\">Ambos bloques trabajar\u00e1n de manera coordinada en la reuni\u00f3n de Par\u00eds, prevista para noviembre. Adem\u00e1s, se conden\u00f3 el bloqueo de EE.UU. contra Cuba.<\/p>\n<p style=\"text-align: justify;\">El presidente del Consejo Europeo, Donald Tusk, saluda al presidente ecuatoriano, Rafael Correa. Detr\u00e1s de ellos se encuentra el canciller Ricardo Pati\u00f1o. Foto: AFP<br \/>\nEl presidente del Consejo Europeo, Donald Tusk, saluda al presidente ecuatoriano, Rafael Correa. Detr\u00e1s de ellos se encuentra el canciller Ricardo Pati\u00f1o. Foto: AFP<br \/>\nRedacci\u00f3n Pol\u00edtica y Agencia AFP<\/p>\n<p style=\"text-align: justify;\">La Uni\u00f3n Europea (UE) y la Comunidad de Estados Latinoamericanos y del Caribe (Celac) sellaron ayer su compromiso en la lucha contra el cambio clim\u00e1tico, al cierre de una cumbre en la que coincidieron en pedir el fin del embargo a Cuba y se mostraron divididas con respecto a Venezuela.<\/p>\n<p style=\"text-align: justify;\">\u201cInsistentemente se trat\u00f3 el tema del cambio clim\u00e1tico (&#8230;) Todos acogimos la propuesta de que en diciembre en Par\u00eds tenemos que llegar a acuerdos vinculantes\u201d, dijo el presidente pro t\u00e9mpore de la Celac, el ecuatoriano Rafael Correa, en referencia a la cumbre clim\u00e1tica de la ONU (COP21).<\/p>\n<p style=\"text-align: justify;\">\u201cPronto ser\u00e1 un problema para todos, de supervivencia para la propia humanidad\u201d, asegur\u00f3 Correa al cierre de la cumbre que recibi\u00f3 en dos d\u00edas a 61 pa\u00edses de la UE y la Celac. \u201cJuntos podemos tener un impacto global en las negociaciones sobre el clima\u201d, indic\u00f3 el presidente del Consejo Europeo, Donald Tusk.<\/p>\n<p style=\"text-align: justify;\">Am\u00e9rica Latina y las islas del Caribe son una de las regiones m\u00e1s expuestas al calentamiento del planeta y el presidente colombiano, Juan Manuel Santos, record\u00f3 que el fen\u00f3meno El Ni\u00f1o, que corre el riesgo de agravarse en el segundo semestre del a\u00f1o, \u201ctiene mucho que ver con el calentamiento clim\u00e1tico\u201d.<\/p>\n<p style=\"text-align: justify;\">En el frente pol\u00edtico, los dos d\u00edas de conversaciones estuvieron marcados por Cuba y Venezuela. En la declaraci\u00f3n final, los pa\u00edses pidieron el fin del embargo de Estados Unidos a la isla, aunque se mostraron divididos sobre las sanciones de Washington a Caracas.<\/p>\n<p style=\"text-align: justify;\">Los latinoamericanos cerraron filas en torno al gobierno del presidente Nicol\u00e1s Maduro y reclamaron la derogaci\u00f3n del decreto que define a Venezuela como una amenaza para Estados Unidos.<\/p>\n<p style=\"text-align: justify;\">Los europeos han demostrado su preocupaci\u00f3n por el encarcelamiento de pol\u00edticos opositores en ese pa\u00eds. Tras intensos debates, ambos bloques acordaron mencionar en la declaraci\u00f3n final las sanciones de EE.UU. a Venezuela, recordando la condena de la Celac, de la que la UE \u201ctoma nota\u201d.<\/p>\n<p style=\"text-align: justify;\">Tambi\u00e9n fue abordado el tema de la migraci\u00f3n hacia Europa, que se origina por falta de oportunidades en los pa\u00edses de origen, lo cual requiere soluciones globales.<\/p>\n<p style=\"text-align: justify;\">Otro asunto que estuvo sobre la mesa fue la nueva cooperaci\u00f3n que necesita Am\u00e9rica Latina y el Caribe.<\/p>\n<p style=\"text-align: justify;\">En ese sentido Correa afirm\u00f3 que la regi\u00f3n ya no requiere apoyo para construir una escuelita, un centro de salud o un camino rural, sino talento humano, ciencia y tecnolog\u00eda.<\/p>\n<p style=\"text-align: justify;\">Peter Schwaiger, encargado de Negocios residente en Ecuador, luego de las declaraciones de los mandatarios, se\u00f1al\u00f3 que se comprometieron a tres objetivos. En la primera parte se hace una relaci\u00f3n sobre el fortalecimiento de di\u00e1logos pol\u00edticos.<\/p>\n<p style=\"text-align: justify;\">En un segundo cap\u00edtulo, se reforzar\u00e1n los lazos econ\u00f3micos tradicionales entre las dos regiones. La UE es el primer inversor de la regi\u00f3n con m\u00e1s de $ 500.000 millones en inversiones en Am\u00e9rica Latina; 26 acuerdos comerciales con 33 pa\u00edses de la regi\u00f3n.<\/p>\n<p style=\"text-align: justify;\">En un tercer enfoque se indic\u00f3 que adem\u00e1s de los $ 2.500 millones de inversi\u00f3n para Am\u00e9rica Latina; la Comisi\u00f3n Europea anunci\u00f3 la asignaci\u00f3n de m\u00e1s de 800 millones de euros en apoyo a la regi\u00f3n. De este monto, 230 millones ir\u00e1n al desarrollo sostenible, 46 millones para el Caribe, 118 millones para proyectos de inversi\u00f3n estrat\u00e9gica, 81.5 millones para desarrollo del talento humano.<\/p>\n<p style=\"text-align: justify;\">La Comisi\u00f3n tambi\u00e9n financiar\u00e1 con $ 25 millones la construcci\u00f3n de un cable de fibra \u00f3ptica directamente entre la UE y Latinoam\u00e9rica para tener una conexi\u00f3n directa de comunicaciones, sin pasar por Estados Unidos.<\/p>\n<p style=\"text-align: justify;\">Para la cooperaci\u00f3n cient\u00edfica y de investigaci\u00f3n se destinar\u00e1n $80.000 millones que servir\u00e1n para las becas de 6.000 estudiantes latinoamericanos.<\/p>\n<p style=\"text-align: justify;\">El caso Chevron se expone en Cumbre<\/p>\n<p style=\"text-align: justify;\">Un s\u00ed a la paz y la soberan\u00eda y un no al intervencionismo marcaron hoy la mesa de trabajo, sobre el tema, efectuada en el contexto de la Cumbre de los Pueblos en la capital belga.<\/p>\n<p style=\"text-align: justify;\">Los participantes denunciaron el intervencionismo de la Organizaci\u00f3n del Tratado del Atl\u00e1ntico Norte (OTAN). Su postura belicista y el peligro que representa para los pueblos progresistas fueron rechazados en el encuentro al se\u00f1alar que se ha convertido en el brazo armado de la Uni\u00f3n Europea (UE).<\/p>\n<p style=\"text-align: justify;\">Los intentos intervencionistas de Estados Unidos en Am\u00e9rica Latina resultaron un punto remarcado en la cita, en la cual se insisti\u00f3 en la necesidad de estar alertas y combatir las posturas injerencistas.<\/p>\n<p style=\"text-align: justify;\">En ese sentido, el escritor colombiano Hernando Calvo advirti\u00f3 que con lo que suceda en Venezuela se est\u00e1 jugando el continente y los procesos de cambio que tienen lugar en \u00e9l.<\/p>\n<p style=\"text-align: justify;\">Crist\u00f3bal Amar, miembro de organizaciones sociales de Ecuador, subray\u00f3 que participan en el evento para respaldar al gobierno de la Revoluci\u00f3n Ciudadana y denunciar el da\u00f1o medioambiental que provoc\u00f3 Chevron.<\/p>\n<p style=\"text-align: justify;\">\u201cEstamos aqu\u00ed para pedir la unidad, la solidaridad con este tema y el castigo para Chevron. Hay que evitar que las transnacionales vengan a gobernar las naciones latinoamericanas progresistas y las organizaciones sociales tenemos que impedirlo\u201d, expres\u00f3 a la agencia Prensa Latina.<\/p>\n<p style=\"text-align: justify;\">Datos<\/p>\n<p style=\"text-align: justify;\">La Uni\u00f3n Europea \u201cno est\u00e1 lista\u201d para el pospuesto intercambio de ofertas arancelarias con el Mercosur, pese a la presi\u00f3n del bloque sudamericano que conf\u00eda en que se produzca.<\/p>\n<p style=\"text-align: justify;\">\u201cA\u00fan no estamos listos. Nadie est\u00e1 realmente listo, es por ello que decidimos hoy incrementar el trabajo t\u00e9cnico\u201d con la \u201cesperanza\u201d de intercambiar las ofertas a fin de a\u00f1o, dijo la comisaria europea de Comercio, Cecilia Malmstrom, en una conferencia de prensa, junto con el canciller brasile\u00f1o, Mauro Vieira. El Mercosur mantuvo una reuni\u00f3n con la UE al t\u00e9rmino de la cumbre con la Celac. (El telegrafo)<\/p>\n","protected":false},"excerpt":{"rendered":"<p>Ambos bloques trabajar\u00e1n de manera coordinada en la reuni\u00f3n de Par\u00eds, prevista para noviembre. Adem\u00e1s, se conden\u00f3 el bloqueo de<\/p>\n","protected":false},"author":1,"featured_media":0,"comment_status":"open","ping_status":"open","sticky":false,"template":"","format":"standard","meta":{"footnotes":""},"categories":[1],"tags":[],"_links":{"self":[{"href":"https:\/\/www.ecuadoraldia.com.ec\/index.php?rest_route=\/wp\/v2\/posts\/9715"}],"collection":[{"href":"https:\/\/www.ecuadoraldia.com.ec\/index.php?rest_route=\/wp\/v2\/posts"}],"about":[{"href":"https:\/\/www.ecuadoraldia.com.ec\/index.php?rest_route=\/wp\/v2\/types\/post"}],"author":[{"embeddable":true,"href":"https:\/\/www.ecuadoraldia.com.ec\/index.php?rest_route=\/wp\/v2\/users\/1"}],"replies":[{"embeddable":true,"href":"https:\/\/www.ecuadoraldia.com.ec\/index.php?rest_route=%2Fwp%2Fv2%2Fcomments&post=9715"}],"version-history":[{"count":2,"href":"https:\/\/www.ecuadoraldia.com.ec\/index.php?rest_route=\/wp\/v2\/posts\/9715\/revisions"}],"predecessor-version":[{"id":9719,"href":"https:\/\/www.ecuadoraldia.com.ec\/index.php?rest_route=\/wp\/v2\/posts\/9715\/revisions\/9719"}],"wp:attachment":[{"href":"https:\/\/www.ecuadoraldia.com.ec\/index.php?rest_route=%2Fwp%2Fv2%2Fmedia&parent=9715"}],"wp:term":[{"taxonomy":"category","embeddable":true,"href":"https:\/\/www.ecuadoraldia.com.ec\/index.php?rest_route=%2Fwp%2Fv2%2Fcategories&post=9715"},{"taxonomy":"post_tag","embeddable":true,"href":"https:\/\/www.ecuadoraldia.com.ec\/index.php?rest_route=%2Fwp%2Fv2%2Ftags&post=9715"}],"curies":[{"name":"wp","href":"https:\/\/api.w.org\/{rel}","templated":true}]}}