{"id":9720,"date":"2015-06-12T12:07:51","date_gmt":"2015-06-12T12:07:51","guid":{"rendered":"http:\/\/www.ecuadoraldia.com.ec\/?p=9720"},"modified":"2015-06-12T12:07:51","modified_gmt":"2015-06-12T12:07:51","slug":"la-nueva-tri-desencanto-y-no-gusto-a-los-fanaticos","status":"publish","type":"post","link":"https:\/\/www.ecuadoraldia.com.ec\/?p=9720","title":{"rendered":"La nueva \u2018Tri\u2019 desencant\u00f3 y no gust\u00f3 a los fan\u00e1ticos"},"content":{"rendered":"<p><a href=\"http:\/\/www.ecuadoraldia.com.ec\/wp-content\/uploads\/2015\/06\/Copa_America_.jpg\"><img loading=\"lazy\" decoding=\"async\" class=\"alignleft size-medium wp-image-9721\" src=\"http:\/\/www.ecuadoraldia.com.ec\/wp-content\/uploads\/2015\/06\/Copa_America_-300x143.jpg\" alt=\"Copa_America_\" width=\"300\" height=\"143\" srcset=\"https:\/\/www.ecuadoraldia.com.ec\/wp-content\/uploads\/2015\/06\/Copa_America_-300x143.jpg 300w, https:\/\/www.ecuadoraldia.com.ec\/wp-content\/uploads\/2015\/06\/Copa_America_.jpg 635w\" sizes=\"(max-width: 300px) 100vw, 300px\" \/><\/a>Ecuador no se consolida. Las oportunidades de gol de las que siempre habla el t\u00e9cnico Gustavo Quinteros aparecieron poco y Chile, con menos f\u00fatbol del esperado, se impuso 2-0 a la \u2018Tricolor\u2019 para arrancar como quer\u00eda: ganando en el estreno de la Copa Am\u00e9rica que organiza.<\/p>\n<p style=\"text-align: justify;\">Emocionada aparec\u00eda Michelle Bachelet, primera mandataria chilena, aplaudiendo el segundo tanto.<\/p>\n<p style=\"text-align: justify;\">Su grito y sus palmadas eran las mismas que emit\u00edan los aficionados que concurrieron anoche al estadio Nacional de Santiago para alentar a la \u2018Roja\u2019.<\/p>\n<p style=\"text-align: justify;\">Y aunque no fue contundente ni superior a su adversario, la oncena del argentino Jorge Sampaoli cumpli\u00f3 los deberes; aprovech\u00f3 2 errores del rival y sum\u00f3 3 puntos.<\/p>\n<p style=\"text-align: justify;\">Los primeros 20 minutos, de dominio absoluto para el due\u00f1o de casa, hicieron creer a los espectadores que el conjunto \u2018araucano\u2019 se levantar\u00eda con un resultado abultado. Mas Ecuador se reorden\u00f3 y con un remate de Fidel Mart\u00ednez, que bloque\u00f3 el meta Claudio Bravo, encendi\u00f3 las alarmas del local.<\/p>\n<p style=\"text-align: justify;\">Pero Ecuador era apenas eso, un equipo que esperaba en su campo y apelaba a las fallas del oponente para buscar alg\u00fan remate al arco. Lejos est\u00e1 de ser el combinado que quiere Quinteros: due\u00f1o de la iniciativa y generador de ocasiones claras de concretar.<\/p>\n<p style=\"text-align: justify;\">Tambi\u00e9n preocupa la defensa, hubo escenas en las que el h\u00e1bil Alexis S\u00e1nchez absorb\u00eda cual aspiradora a los zagueros amarillos, quienes recurrieron en m\u00e1s de una vez a faltas para detenerlo.<\/p>\n","protected":false},"excerpt":{"rendered":"<p>Ecuador no se consolida. Las oportunidades de gol de las que siempre habla el t\u00e9cnico Gustavo Quinteros aparecieron poco y<\/p>\n","protected":false},"author":1,"featured_media":0,"comment_status":"open","ping_status":"open","sticky":false,"template":"","format":"standard","meta":{"footnotes":""},"categories":[10],"tags":[],"_links":{"self":[{"href":"https:\/\/www.ecuadoraldia.com.ec\/index.php?rest_route=\/wp\/v2\/posts\/9720"}],"collection":[{"href":"https:\/\/www.ecuadoraldia.com.ec\/index.php?rest_route=\/wp\/v2\/posts"}],"about":[{"href":"https:\/\/www.ecuadoraldia.com.ec\/index.php?rest_route=\/wp\/v2\/types\/post"}],"author":[{"embeddable":true,"href":"https:\/\/www.ecuadoraldia.com.ec\/index.php?rest_route=\/wp\/v2\/users\/1"}],"replies":[{"embeddable":true,"href":"https:\/\/www.ecuadoraldia.com.ec\/index.php?rest_route=%2Fwp%2Fv2%2Fcomments&post=9720"}],"version-history":[{"count":1,"href":"https:\/\/www.ecuadoraldia.com.ec\/index.php?rest_route=\/wp\/v2\/posts\/9720\/revisions"}],"predecessor-version":[{"id":9722,"href":"https:\/\/www.ecuadoraldia.com.ec\/index.php?rest_route=\/wp\/v2\/posts\/9720\/revisions\/9722"}],"wp:attachment":[{"href":"https:\/\/www.ecuadoraldia.com.ec\/index.php?rest_route=%2Fwp%2Fv2%2Fmedia&parent=9720"}],"wp:term":[{"taxonomy":"category","embeddable":true,"href":"https:\/\/www.ecuadoraldia.com.ec\/index.php?rest_route=%2Fwp%2Fv2%2Fcategories&post=9720"},{"taxonomy":"post_tag","embeddable":true,"href":"https:\/\/www.ecuadoraldia.com.ec\/index.php?rest_route=%2Fwp%2Fv2%2Ftags&post=9720"}],"curies":[{"name":"wp","href":"https:\/\/api.w.org\/{rel}","templated":true}]}}