{"id":9723,"date":"2015-06-12T21:53:51","date_gmt":"2015-06-12T21:53:51","guid":{"rendered":"http:\/\/www.ecuadoraldia.com.ec\/?p=9723"},"modified":"2015-06-12T21:53:51","modified_gmt":"2015-06-12T21:53:51","slug":"una-sola-tabla-para-impuestos-en-la-ley-de-herencias","status":"publish","type":"post","link":"https:\/\/www.ecuadoraldia.com.ec\/?p=9723","title":{"rendered":"Una sola tabla para impuestos en la &#8216;Ley de Herencias"},"content":{"rendered":"<figure id=\"attachment_9724\" aria-describedby=\"caption-attachment-9724\" style=\"width: 300px\" class=\"wp-caption alignleft\"><a href=\"http:\/\/www.ecuadoraldia.com.ec\/wp-content\/uploads\/2015\/06\/asamblea-ley.jpg\"><img loading=\"lazy\" decoding=\"async\" class=\"size-medium wp-image-9724\" src=\"http:\/\/www.ecuadoraldia.com.ec\/wp-content\/uploads\/2015\/06\/asamblea-ley-300x122.jpg\" alt=\"CREATOR: gd-jpeg v1.0 (using IJG JPEG v62), quality = 90\" width=\"300\" height=\"122\" srcset=\"https:\/\/www.ecuadoraldia.com.ec\/wp-content\/uploads\/2015\/06\/asamblea-ley-300x122.jpg 300w, https:\/\/www.ecuadoraldia.com.ec\/wp-content\/uploads\/2015\/06\/asamblea-ley.jpg 362w\" sizes=\"(max-width: 300px) 100vw, 300px\" \/><\/a><figcaption id=\"caption-attachment-9724\" class=\"wp-caption-text\">CREATOR: gd-jpeg v1.0 (using IJG JPEG v62), quality = 90<\/figcaption><\/figure>\n<p style=\"text-align: justify;\">La propuesta contempla eliminar la tabla de tasas de herederos indirectos y oficializar solo una que va desde el 2,5% al 47,5% de manera progresiva.<\/p>\n<p style=\"text-align: justify;\">Virgilio Hern\u00e1ndez, presidente de la Comisi\u00f3n de R\u00e9gimen Econ\u00f3mico, se\u00f1al\u00f3 que la mesa legislativa decidi\u00f3 la eliminaci\u00f3n de la tabla de tasas para herederos indirectos contemplada en el proyecto de Ley de Redistribuci\u00f3n de las Riquezas. Hern\u00e1ndez manifest\u00f3 que solo habr\u00e1 \u00abuna tabla progresiva\u00bb.<\/p>\n<p style=\"text-align: justify;\">El anuncio se realiz\u00f3 en el marco de una rueda de prensa que se desarroll\u00f3 en la Asamblea Nacional, a la cual acudi\u00f3 la titular del Legislativo, Gabriela Rivadeneira, entre otras autoridades.<\/p>\n<p style=\"text-align: justify;\">El proyecto de ley se encuentra en la Asamblea con el car\u00e1cter de econ\u00f3mico urgente, por ello tendr\u00edan 30 d\u00edas para aprobarla.<\/p>\n<p style=\"text-align: justify;\">Hern\u00e1ndez se\u00f1al\u00f3 que s\u00ed se han presentado varias modificaciones a la normativa, y que incluso podr\u00edan implementarse m\u00e1s cambios hasta el informe para primer debate, que estar\u00eda listo entre lunes y martes pr\u00f3ximos.<\/p>\n<p style=\"text-align: justify;\">Indic\u00f3 que el pr\u00f3ximo jueves se convocar\u00e1 a sesi\u00f3n del Pleno.<\/p>\n<p style=\"text-align: justify;\">El asamble\u00edsta explic\u00f3 que esta tabla va siempre sobre el excedente; es decir, desde el 2,5% en promedio hasta el 47,5% en promedio y de manera progresiva.<\/p>\n<p style=\"text-align: justify;\">Insisti\u00f3 en que hay que distinguir el patrimonio de lo que se hereda. Si una herencia es de $ 35.400 significa que el monto del patrimonio es sustancialmente mayor.<\/p>\n<p style=\"text-align: justify;\">En cuanto a la progresividad, Hern\u00e1ndez dijo que antes de la Revoluci\u00f3n Ciudadana se pagaba un impuesto del 5%. Indic\u00f3 que si una persona recib\u00eda una herencia de $ 100.000 pagaba un impuesto de $ 4.500 con la normativa vigente, pero que con esta nueva ley se pagar\u00eda $ 3.000.<\/p>\n<p style=\"text-align: justify;\">Sin embargo, otras modificaciones se estar\u00edan analizando en la ley. En ese sentido, el asamble\u00edsta lojano Richard Farf\u00e1n (PAIS) present\u00f3 una propuesta para que se excluya de la ley de impuestos a la herencia a las personas con discapacidad.<\/p>\n<p style=\"text-align: justify;\">Por su parte, la presidenta de la Asamblea, Gabriela Rivadeneira, rechaz\u00f3 todo acto de violencia y llam\u00f3 a identificar a los actores de la oposici\u00f3n que promueven actos violentos. \u00abSon los mismos que pretenden al interior del pleno de la Asamblea Nacional replicar esa violencia que no la hemos permitido y no la permitiremos\u00bb, insisti\u00f3.<\/p>\n","protected":false},"excerpt":{"rendered":"<p>La propuesta contempla eliminar la tabla de tasas de herederos indirectos y oficializar solo una que va desde el 2,5%<\/p>\n","protected":false},"author":1,"featured_media":0,"comment_status":"open","ping_status":"open","sticky":false,"template":"","format":"standard","meta":{"footnotes":""},"categories":[3],"tags":[],"_links":{"self":[{"href":"https:\/\/www.ecuadoraldia.com.ec\/index.php?rest_route=\/wp\/v2\/posts\/9723"}],"collection":[{"href":"https:\/\/www.ecuadoraldia.com.ec\/index.php?rest_route=\/wp\/v2\/posts"}],"about":[{"href":"https:\/\/www.ecuadoraldia.com.ec\/index.php?rest_route=\/wp\/v2\/types\/post"}],"author":[{"embeddable":true,"href":"https:\/\/www.ecuadoraldia.com.ec\/index.php?rest_route=\/wp\/v2\/users\/1"}],"replies":[{"embeddable":true,"href":"https:\/\/www.ecuadoraldia.com.ec\/index.php?rest_route=%2Fwp%2Fv2%2Fcomments&post=9723"}],"version-history":[{"count":1,"href":"https:\/\/www.ecuadoraldia.com.ec\/index.php?rest_route=\/wp\/v2\/posts\/9723\/revisions"}],"predecessor-version":[{"id":9725,"href":"https:\/\/www.ecuadoraldia.com.ec\/index.php?rest_route=\/wp\/v2\/posts\/9723\/revisions\/9725"}],"wp:attachment":[{"href":"https:\/\/www.ecuadoraldia.com.ec\/index.php?rest_route=%2Fwp%2Fv2%2Fmedia&parent=9723"}],"wp:term":[{"taxonomy":"category","embeddable":true,"href":"https:\/\/www.ecuadoraldia.com.ec\/index.php?rest_route=%2Fwp%2Fv2%2Fcategories&post=9723"},{"taxonomy":"post_tag","embeddable":true,"href":"https:\/\/www.ecuadoraldia.com.ec\/index.php?rest_route=%2Fwp%2Fv2%2Ftags&post=9723"}],"curies":[{"name":"wp","href":"https:\/\/api.w.org\/{rel}","templated":true}]}}