{"id":9726,"date":"2015-06-12T21:57:46","date_gmt":"2015-06-12T21:57:46","guid":{"rendered":"http:\/\/www.ecuadoraldia.com.ec\/?p=9726"},"modified":"2015-06-12T21:57:46","modified_gmt":"2015-06-12T21:57:46","slug":"moradores-de-quitumbe-exigen-al-alcalde-rodas-que-cumpla-con-las-obras-del-sur-de-quito","status":"publish","type":"post","link":"https:\/\/www.ecuadoraldia.com.ec\/?p=9726","title":{"rendered":"Moradores de Quitumbe exigen al alcalde Rodas que cumpla con las obras del sur de Quito"},"content":{"rendered":"<figure id=\"attachment_9727\" aria-describedby=\"caption-attachment-9727\" style=\"width: 300px\" class=\"wp-caption alignleft\"><a href=\"http:\/\/www.ecuadoraldia.com.ec\/wp-content\/uploads\/2015\/06\/MORADORES-sur.jpg\"><img loading=\"lazy\" decoding=\"async\" class=\"size-medium wp-image-9727\" src=\"http:\/\/www.ecuadoraldia.com.ec\/wp-content\/uploads\/2015\/06\/MORADORES-sur-300x160.jpg\" alt=\"UIO MORADORES DEL FRENTE CIUDADANO DE SUR PROTESTAN EN LAS AFUERAS DEL MUNICIPIO. EXIGEN OBRAS EN BARRIOS DEL SUR. DANIEL MOLINEROS \/ EL TELEGRAFO\" width=\"300\" height=\"160\" srcset=\"https:\/\/www.ecuadoraldia.com.ec\/wp-content\/uploads\/2015\/06\/MORADORES-sur-300x160.jpg 300w, https:\/\/www.ecuadoraldia.com.ec\/wp-content\/uploads\/2015\/06\/MORADORES-sur.jpg 346w\" sizes=\"(max-width: 300px) 100vw, 300px\" \/><\/a><figcaption id=\"caption-attachment-9727\" class=\"wp-caption-text\">UIO MORADORES DEL FRENTE CIUDADANO DE SUR PROTESTAN EN LAS AFUERAS DEL MUNICIPIO. EXIGEN OBRAS EN BARRIOS DEL SUR.<br \/>DANIEL MOLINEROS \/ EL TELEGRAFO<\/figcaption><\/figure>\n<p style=\"text-align: justify;\">Una delegaci\u00f3n del Frente de Defensa Ciudadano del Sur contin\u00faa reunido hasta esta hora con el alcalde de Quito, Mauricio Rodas.<\/p>\n<p style=\"text-align: justify;\">La cita fue acordada el martes pasado, cuando los integrantes del Frente realizaron una protesta en la administraci\u00f3n zonal Quitumbe, en donde exigieron obras para ese sector de la ciudad.<\/p>\n<p style=\"text-align: justify;\">Esta ma\u00f1ana, antes de la reuni\u00f3n, se presentaron incidentes debido a que los manifestantes exig\u00edan poder ingresar todos a la Alcald\u00eda, lo cual no se les permiti\u00f3, por ello, durante casi una hora los participantes en el plant\u00f3n obstaculizaron el tr\u00e1nsito por la calle Venezuela (Centro Hist\u00f3rico), luego fueron informados de que al interior del Municipio se realizaba el sorteo de cupos para los establecimientos municipales, por lo que accedieron a que solo sean 7 de sus representantes los que se re\u00fanan con el burgomaestre.<\/p>\n<p style=\"text-align: justify;\">Un centenar de personas lleg\u00f3 al Municipio. Entre las demandas del sector est\u00e1n que se ponga en su conocimiento el Plan Estrat\u00e9gico y Programaci\u00f3n de Obras de la zona. Tambi\u00e9n quieren conocer cu\u00e1l es el presupuesto asignado para el sector en este 2015.<\/p>\n<p style=\"text-align: justify;\">Adem\u00e1s, los moradores del sur reclaman por la falta de ordenamiento del comercio aut\u00f3nomo. Piden m\u00e1s celeridad en la regularizaci\u00f3n de barrios, la aceleraci\u00f3n del proceso de contenerizaci\u00f3n, adem\u00e1s de algunas obras viales espec\u00edficas como la construcci\u00f3n de la avenida Turubamba y el mantenimiento de la avenida Pedro Vicente Maldonado.<br \/>\nLos integrantes del Frente aseguran que el a\u00f1o pasado la administraci\u00f3n zonal Quitumbe dej\u00f3 sin ejecutar alrededor de $ 4 millones en obras, lo que consideran un desprop\u00f3sito.El Telegrafo<\/p>\n","protected":false},"excerpt":{"rendered":"<p>Una delegaci\u00f3n del Frente de Defensa Ciudadano del Sur contin\u00faa reunido hasta esta hora con el alcalde de Quito, Mauricio<\/p>\n","protected":false},"author":1,"featured_media":0,"comment_status":"open","ping_status":"open","sticky":false,"template":"","format":"standard","meta":{"footnotes":""},"categories":[14],"tags":[],"_links":{"self":[{"href":"https:\/\/www.ecuadoraldia.com.ec\/index.php?rest_route=\/wp\/v2\/posts\/9726"}],"collection":[{"href":"https:\/\/www.ecuadoraldia.com.ec\/index.php?rest_route=\/wp\/v2\/posts"}],"about":[{"href":"https:\/\/www.ecuadoraldia.com.ec\/index.php?rest_route=\/wp\/v2\/types\/post"}],"author":[{"embeddable":true,"href":"https:\/\/www.ecuadoraldia.com.ec\/index.php?rest_route=\/wp\/v2\/users\/1"}],"replies":[{"embeddable":true,"href":"https:\/\/www.ecuadoraldia.com.ec\/index.php?rest_route=%2Fwp%2Fv2%2Fcomments&post=9726"}],"version-history":[{"count":1,"href":"https:\/\/www.ecuadoraldia.com.ec\/index.php?rest_route=\/wp\/v2\/posts\/9726\/revisions"}],"predecessor-version":[{"id":9728,"href":"https:\/\/www.ecuadoraldia.com.ec\/index.php?rest_route=\/wp\/v2\/posts\/9726\/revisions\/9728"}],"wp:attachment":[{"href":"https:\/\/www.ecuadoraldia.com.ec\/index.php?rest_route=%2Fwp%2Fv2%2Fmedia&parent=9726"}],"wp:term":[{"taxonomy":"category","embeddable":true,"href":"https:\/\/www.ecuadoraldia.com.ec\/index.php?rest_route=%2Fwp%2Fv2%2Fcategories&post=9726"},{"taxonomy":"post_tag","embeddable":true,"href":"https:\/\/www.ecuadoraldia.com.ec\/index.php?rest_route=%2Fwp%2Fv2%2Ftags&post=9726"}],"curies":[{"name":"wp","href":"https:\/\/api.w.org\/{rel}","templated":true}]}}