{"id":9729,"date":"2015-06-12T22:03:31","date_gmt":"2015-06-12T22:03:31","guid":{"rendered":"http:\/\/www.ecuadoraldia.com.ec\/?p=9729"},"modified":"2015-06-12T22:03:31","modified_gmt":"2015-06-12T22:03:31","slug":"rivadeneira-llama-a-rechazar-la-violencia-en-manifestaciones","status":"publish","type":"post","link":"https:\/\/www.ecuadoraldia.com.ec\/?p=9729","title":{"rendered":"Rivadeneira llama a rechazar la violencia en manifestaciones"},"content":{"rendered":"<p style=\"text-align: justify;\"><a href=\"http:\/\/www.ecuadoraldia.com.ec\/wp-content\/uploads\/2015\/06\/gaby.jpg\"><img loading=\"lazy\" decoding=\"async\" class=\"alignleft size-medium wp-image-9730\" src=\"http:\/\/www.ecuadoraldia.com.ec\/wp-content\/uploads\/2015\/06\/gaby-300x158.jpg\" alt=\"gaby\" width=\"300\" height=\"158\" srcset=\"https:\/\/www.ecuadoraldia.com.ec\/wp-content\/uploads\/2015\/06\/gaby-300x158.jpg 300w, https:\/\/www.ecuadoraldia.com.ec\/wp-content\/uploads\/2015\/06\/gaby.jpg 580w\" sizes=\"(max-width: 300px) 100vw, 300px\" \/><\/a>Quito, 12 jun La presidenta de la Asamblea Nacional (AN) de Ecuador, Gabriela Rivadeneira, inst\u00f3 este viernes a la ciudadan\u00eda a rechazar la violencia en las manifestaciones convocadas en la \u00faltima semana en el pa\u00eds por opositores y seguidores al gobierno.<\/p>\n<p style=\"text-align: justify;\">\u201cNosotros rechazamos la violencia\u201d, dijo la l\u00edder parlamentaria, quien en conferencia de prensa desde la AN consider\u00f3 leg\u00edtimo el derecho a la protesta, pero no la violencia de grupos minoritarios que \u201cno quieren el Buen Bivir\u201d.<\/p>\n<p style=\"text-align: justify;\">Tambi\u00e9n confirm\u00f3 el inicio de los procesos formales de an\u00e1lisis de tres cuerpos legales y normativos que ingresaron a esta instancia. Contra dos de ellos, la ley sobre plusval\u00eda y de herencias, han blanco de las protestas en los \u00faltimos cuatro d\u00edas.<\/p>\n<p style=\"text-align: justify;\">Dijo, adem\u00e1s, que desde la Asamblea se han generado espacios adecuados para el debate, mientras los asamble\u00edstas recorren el pa\u00eds socializando los proyectos y el trabajo de las comisiones cumpliendo el principio de acceso a la informaci\u00f3n para que la ciudadan\u00eda est\u00e9 bien informada.<\/p>\n<p style=\"text-align: justify;\">Inst\u00f3 a los ecuatorianos a usar el poder constitucional del acceso a la informaci\u00f3n \u00abpara poder decidir adecuadamente\u00bb y record\u00f3 que en los \u00faltimos ocho a\u00f1os de Revoluci\u00f3n Ciudadana se han mejorado las condiciones de vida de millones de personas en el pa\u00eds, e incluso se ha generado crecimiento de una clase media, que ahora demanda y tiene otras exigencias<\/p>\n<p style=\"text-align: justify;\">\u00abDebatamos y busquemos los caminos apropiados, pero jam\u00e1s permitamos (\u2026) que un grupo minoritario, que respalda los intereses propios de esa minor\u00eda sean los que manipulen y desinformen a la poblaci\u00f3n\u201d, asever\u00f3.<\/p>\n","protected":false},"excerpt":{"rendered":"<p>Quito, 12 jun La presidenta de la Asamblea Nacional (AN) de Ecuador, Gabriela Rivadeneira, inst\u00f3 este viernes a la ciudadan\u00eda<\/p>\n","protected":false},"author":1,"featured_media":0,"comment_status":"open","ping_status":"open","sticky":false,"template":"","format":"standard","meta":{"footnotes":""},"categories":[1],"tags":[],"_links":{"self":[{"href":"https:\/\/www.ecuadoraldia.com.ec\/index.php?rest_route=\/wp\/v2\/posts\/9729"}],"collection":[{"href":"https:\/\/www.ecuadoraldia.com.ec\/index.php?rest_route=\/wp\/v2\/posts"}],"about":[{"href":"https:\/\/www.ecuadoraldia.com.ec\/index.php?rest_route=\/wp\/v2\/types\/post"}],"author":[{"embeddable":true,"href":"https:\/\/www.ecuadoraldia.com.ec\/index.php?rest_route=\/wp\/v2\/users\/1"}],"replies":[{"embeddable":true,"href":"https:\/\/www.ecuadoraldia.com.ec\/index.php?rest_route=%2Fwp%2Fv2%2Fcomments&post=9729"}],"version-history":[{"count":1,"href":"https:\/\/www.ecuadoraldia.com.ec\/index.php?rest_route=\/wp\/v2\/posts\/9729\/revisions"}],"predecessor-version":[{"id":9731,"href":"https:\/\/www.ecuadoraldia.com.ec\/index.php?rest_route=\/wp\/v2\/posts\/9729\/revisions\/9731"}],"wp:attachment":[{"href":"https:\/\/www.ecuadoraldia.com.ec\/index.php?rest_route=%2Fwp%2Fv2%2Fmedia&parent=9729"}],"wp:term":[{"taxonomy":"category","embeddable":true,"href":"https:\/\/www.ecuadoraldia.com.ec\/index.php?rest_route=%2Fwp%2Fv2%2Fcategories&post=9729"},{"taxonomy":"post_tag","embeddable":true,"href":"https:\/\/www.ecuadoraldia.com.ec\/index.php?rest_route=%2Fwp%2Fv2%2Ftags&post=9729"}],"curies":[{"name":"wp","href":"https:\/\/api.w.org\/{rel}","templated":true}]}}