{"id":9732,"date":"2015-06-12T22:07:09","date_gmt":"2015-06-12T22:07:09","guid":{"rendered":"http:\/\/www.ecuadoraldia.com.ec\/?p=9732"},"modified":"2015-06-12T22:07:09","modified_gmt":"2015-06-12T22:07:09","slug":"presentan-mapa-del-uso-de-la-tierra-para-disenar-estrategias-territoriales-y-productivas","status":"publish","type":"post","link":"https:\/\/www.ecuadoraldia.com.ec\/?p=9732","title":{"rendered":"Presentan mapa del uso de la tierra para dise\u00f1ar estrategias territoriales y productivas"},"content":{"rendered":"<p style=\"text-align: justify;\"><a href=\"http:\/\/www.ecuadoraldia.com.ec\/wp-content\/uploads\/2015\/06\/andes-10.jpg\"><img loading=\"lazy\" decoding=\"async\" class=\"alignleft size-medium wp-image-9733\" src=\"http:\/\/www.ecuadoraldia.com.ec\/wp-content\/uploads\/2015\/06\/andes-10-300x200.jpg\" alt=\"andes-10\" width=\"300\" height=\"200\" srcset=\"https:\/\/www.ecuadoraldia.com.ec\/wp-content\/uploads\/2015\/06\/andes-10-300x200.jpg 300w, https:\/\/www.ecuadoraldia.com.ec\/wp-content\/uploads\/2015\/06\/andes-10.jpg 580w\" sizes=\"(max-width: 300px) 100vw, 300px\" \/><\/a>Quito, 11 jun (Andes).- El \u2018Mapa de cobertura y uso de la tierra a\u00f1o 2013-2014\u2019 es una herramienta que permite identificar la distribuci\u00f3n espacial de las zonas productivas as\u00ed como de las zonas de protecci\u00f3n y vegetaci\u00f3n natural en el Ecuador continental (Costa, Sierra, Amazon\u00eda).<\/p>\n<p style=\"text-align: justify;\">Este instrumento, elaborado a escala 1:100.000 en el que cada cent\u00edmetro equivale a un kil\u00f3metro en la realidad, es el resultado de un trabajo conjunto entre el Ministerio de Agricultura, Ganader\u00eda, Acuacultura y Pesca (Magap), el Ministerio de Ambiente (MAE) y la Secretar\u00eda Nacional de Planificaci\u00f3n y Desarrollo (Senplades).<\/p>\n<p style=\"text-align: justify;\">Autoridades de estas instituciones gubernamentales presentaron esta herramienta este jueves en el Instituto Geogr\u00e1fico Militar. Ver\u00f3nica Artola, subsecretaria de Planificaci\u00f3n para el Buen Vivir de la Senplades, dijo que este mapa tiene el fin de dar cumplimiento a los objetivos ambientales y agr\u00edcolas que tiene el Ecuador.<\/p>\n<p style=\"text-align: justify;\">\u201cContiene informaci\u00f3n muy \u00fatil para la implementaci\u00f3n de las estrategias nacionales como son la erradicaci\u00f3n de la pobreza y el cambio de matriz productiva (\u2026) Tambi\u00e9n es un insumo importante para la planificaci\u00f3n de los planes de desarrollo y ordenamiento territorial que los llevan los GAD\u2019s parroquiales, cantonales y provinciales\u201d, se\u00f1al\u00f3 Artola.<\/p>\n<p style=\"text-align: justify;\">En este sentido Lorena Tapia, titular del MAE, dijo que este mapa se \u201corienta a fortalecer pol\u00edticas p\u00fablicas y mejorar la toma de decisiones dentro de los sectores ambiental y agroproductivo del pa\u00eds (\u2026) Este producto constituye adem\u00e1s una herramienta para la gesti\u00f3n coordinada entre el gobierno central y otras instancias de planificaci\u00f3n y gesti\u00f3n de territorio\u201d.<\/p>\n<p style=\"text-align: justify;\">El mapa est\u00e1 dividido en cuatro niveles, en el primero se identifican unidades de bosque, tierras agropecuarias, vegetaci\u00f3n herb\u00e1cea y arbustiva y cuerpos de agua; en el segundo nivel est\u00e1n el bosque nativo, plantaciones forestales, p\u00e1ramo, cultivo anual, pastizal; en el nivel tres se ubican cereales, leguminosas, ra\u00edces y tub\u00e9rculos, hortalizas, frutas, tierras en transici\u00f3n, pasto cultivado y miscel\u00e1neos; y en el cuarto nivel se encuentran los productos de mayor producci\u00f3n como ma\u00edz, caf\u00e9, cacao, arroz, trigo, papa, banano, entre otros.<\/p>\n<p style=\"text-align: justify;\"><a href=\"http:\/\/www.ecuadoraldia.com.ec\/wp-content\/uploads\/2015\/06\/mapa.png\"><img loading=\"lazy\" decoding=\"async\" class=\"alignleft size-medium wp-image-9734\" src=\"http:\/\/www.ecuadoraldia.com.ec\/wp-content\/uploads\/2015\/06\/mapa-235x300.png\" alt=\"mapa\" width=\"235\" height=\"300\" srcset=\"https:\/\/www.ecuadoraldia.com.ec\/wp-content\/uploads\/2015\/06\/mapa-235x300.png 235w, https:\/\/www.ecuadoraldia.com.ec\/wp-content\/uploads\/2015\/06\/mapa.png 454w\" sizes=\"(max-width: 235px) 100vw, 235px\" \/><\/a>El mapa est\u00e1 dividido en cuatro niveles que van desde lo m\u00e1s general a lo m\u00e1s espec\u00edfico. Foto: Senplades<\/p>\n<p style=\"text-align: justify;\">Seg\u00fan Gustavo Mart\u00ednez, representante del Magap, al mapa se lo puede utilizar para establecer el l\u00edmite de la frontera agr\u00edcola y la cobertura vegetal natural, para apoyar la gesti\u00f3n integral del patrimonio natural y las actividades productivas as\u00ed como para monitorear los cambios de cobertura y uso de la tierra.<\/p>\n<p style=\"text-align: justify;\">Para el MAE constituye una herramienta primordial para la caracterizaci\u00f3n territorial de las 51 \u00e1reas del Sistema Nacional de \u00c1reas Protegidas y para cumplir con sus planes de conservaci\u00f3n y cuidado del medioambiente y actualizar la tasa de deforestaci\u00f3n entre 2008 y 2014.<\/p>\n<p style=\"text-align: justify;\">Tal y como lo explic\u00f3 Tapia: \u201cHoy ratificamos nuestro compromiso con la conservaci\u00f3n y cuidado de los recursos naturales y estamos dejando huella con productos que nos permiten consolidar la construcci\u00f3n de un Ecuador que sea cada d\u00eda m\u00e1s verde y que busca demostrarle al mundo que es posible un nuevo modelo de desarrollo\u201d.<\/p>\n<p style=\"text-align: justify;\">La ministra Tapia y el representante del Magap, Gustavo Mart\u00ednez, entregaron este mapa de forma simb\u00f3lica a Edwin Mi\u00f1o, representante del Consorcio de Gobiernos Aut\u00f3nomos Provinciales del Ecuador y a Pedro Pablo Pe\u00f1a, representante en Ecuador de la Organizaci\u00f3n de Naciones Unidas para la Alimentaci\u00f3n y la Agricultura (FAO).<\/p>\n","protected":false},"excerpt":{"rendered":"<p>Quito, 11 jun (Andes).- El \u2018Mapa de cobertura y uso de la tierra a\u00f1o 2013-2014\u2019 es una herramienta que permite<\/p>\n","protected":false},"author":1,"featured_media":0,"comment_status":"open","ping_status":"open","sticky":false,"template":"","format":"standard","meta":{"footnotes":""},"categories":[11],"tags":[],"_links":{"self":[{"href":"https:\/\/www.ecuadoraldia.com.ec\/index.php?rest_route=\/wp\/v2\/posts\/9732"}],"collection":[{"href":"https:\/\/www.ecuadoraldia.com.ec\/index.php?rest_route=\/wp\/v2\/posts"}],"about":[{"href":"https:\/\/www.ecuadoraldia.com.ec\/index.php?rest_route=\/wp\/v2\/types\/post"}],"author":[{"embeddable":true,"href":"https:\/\/www.ecuadoraldia.com.ec\/index.php?rest_route=\/wp\/v2\/users\/1"}],"replies":[{"embeddable":true,"href":"https:\/\/www.ecuadoraldia.com.ec\/index.php?rest_route=%2Fwp%2Fv2%2Fcomments&post=9732"}],"version-history":[{"count":1,"href":"https:\/\/www.ecuadoraldia.com.ec\/index.php?rest_route=\/wp\/v2\/posts\/9732\/revisions"}],"predecessor-version":[{"id":9735,"href":"https:\/\/www.ecuadoraldia.com.ec\/index.php?rest_route=\/wp\/v2\/posts\/9732\/revisions\/9735"}],"wp:attachment":[{"href":"https:\/\/www.ecuadoraldia.com.ec\/index.php?rest_route=%2Fwp%2Fv2%2Fmedia&parent=9732"}],"wp:term":[{"taxonomy":"category","embeddable":true,"href":"https:\/\/www.ecuadoraldia.com.ec\/index.php?rest_route=%2Fwp%2Fv2%2Fcategories&post=9732"},{"taxonomy":"post_tag","embeddable":true,"href":"https:\/\/www.ecuadoraldia.com.ec\/index.php?rest_route=%2Fwp%2Fv2%2Ftags&post=9732"}],"curies":[{"name":"wp","href":"https:\/\/api.w.org\/{rel}","templated":true}]}}