{"id":9736,"date":"2015-06-12T22:12:33","date_gmt":"2015-06-12T22:12:33","guid":{"rendered":"http:\/\/www.ecuadoraldia.com.ec\/?p=9736"},"modified":"2015-06-12T22:12:33","modified_gmt":"2015-06-12T22:12:33","slug":"el-regimen-chavista-arremete-contra-la-onu-por-pedir-la-liberacion-de-los-presos-politicos","status":"publish","type":"post","link":"https:\/\/www.ecuadoraldia.com.ec\/?p=9736","title":{"rendered":"El r\u00e9gimen chavista arremete contra la ONU por pedir la liberaci\u00f3n de los presos pol\u00edticos"},"content":{"rendered":"<p style=\"text-align: justify;\"><a href=\"http:\/\/www.ecuadoraldia.com.ec\/wp-content\/uploads\/2015\/06\/maduro.jpg\"><img loading=\"lazy\" decoding=\"async\" class=\"alignleft size-medium wp-image-9737\" src=\"http:\/\/www.ecuadoraldia.com.ec\/wp-content\/uploads\/2015\/06\/maduro-300x169.jpg\" alt=\"maduro\" width=\"300\" height=\"169\" srcset=\"https:\/\/www.ecuadoraldia.com.ec\/wp-content\/uploads\/2015\/06\/maduro-300x169.jpg 300w, https:\/\/www.ecuadoraldia.com.ec\/wp-content\/uploads\/2015\/06\/maduro.jpg 770w\" sizes=\"(max-width: 300px) 100vw, 300px\" \/><\/a>En un comunicado, el embajador venezolano ante las Naciones Unidas, Rafael Ram\u00edrez, expres\u00f3 su \u00abcateg\u00f3rico rechazo\u00bb a las palabras pronunciadas el jueves por el portavoz St\u00e9phane Dujarric.<\/p>\n<p style=\"text-align: justify;\">\u00c9ste, durante una conferencia de prensa, hab\u00eda se\u00f1alado que el Alto Comisionado de la ONU para los Derechos Humanos est\u00e1 \u00absiguiendo estrechamente\u00bb la situaci\u00f3n en Venezuela y est\u00e1 \u00abseriamente preocupado por la legalidad y las condiciones de quienes han sido detenidos por ejercer su derecho a la libertad de expresi\u00f3n y el derecho a reuniones pac\u00edficas\u00bb.<\/p>\n<p style=\"text-align: justify;\">Seg\u00fan Ram\u00edrez, el pronunciamiento \u00abconstituye una violaci\u00f3n de los prop\u00f3sitos y principios de la Carta de las Naciones Unidas\u00bb, as\u00ed como de la resoluci\u00f3n por la que se cre\u00f3 el cargo de Alto Comisionado, que demanda un \u00abtratamiento objetivo, imparcial, no selectivo, sin manipulaciones ni concepciones pol\u00edticamente motivadas del tema de los derechos humanos\u00bb.<\/p>\n<p style=\"text-align: justify;\">\u00abLas declaraciones emitidas por el portavoz del secretario general debilitan la credibilidad institucional del Consejo de Derechos Humanos en la medida en que prejuzgan el funcionamiento institucional de un pa\u00eds miembro de esta organizaci\u00f3n y sobrepasan los mecanismos establecidos por \u00e9ste, como el Examen Peri\u00f3dico Universal y los \u00f3rganos de los tratados\u00bb, insisti\u00f3.<\/p>\n<p style=\"text-align: justify;\">El embajador reiter\u00f3 la \u00abpermanente disposici\u00f3n\u00bb de Venezuela para \u00abmantener un di\u00e1logo constructivo basado en el respeto y a trav\u00e9s de los canales correspondientes para abordar y contribuir a la promoci\u00f3n de los derechos humanos en todo el mundo\u00bb.<\/p>\n<p style=\"text-align: justify;\">Dujarric se refiri\u00f3 a Venezuela con motivo de una huelga de hambre que iniciaron el martes dos j\u00f3venes exiliados venezolanos frente a la sede de la ONU, por cuya situaci\u00f3n se interes\u00f3 el mi\u00e9rcoles el Alto Comisionado de la ONU para los Derechos Humanos. Los venezolanos son Eduardo Bavaresco y Josmir Guti\u00e9rrez, quienes residen en Miami e iniciaron la protesta para denunciar la situaci\u00f3n de los que consideran \u00abpresos pol\u00edticos\u00bb en su pa\u00eds y pedir la intervenci\u00f3n de la ONU.(Infobae)<\/p>\n","protected":false},"excerpt":{"rendered":"<p>En un comunicado, el embajador venezolano ante las Naciones Unidas, Rafael Ram\u00edrez, expres\u00f3 su \u00abcateg\u00f3rico rechazo\u00bb a las palabras pronunciadas<\/p>\n","protected":false},"author":1,"featured_media":0,"comment_status":"open","ping_status":"open","sticky":false,"template":"","format":"standard","meta":{"footnotes":""},"categories":[7],"tags":[],"_links":{"self":[{"href":"https:\/\/www.ecuadoraldia.com.ec\/index.php?rest_route=\/wp\/v2\/posts\/9736"}],"collection":[{"href":"https:\/\/www.ecuadoraldia.com.ec\/index.php?rest_route=\/wp\/v2\/posts"}],"about":[{"href":"https:\/\/www.ecuadoraldia.com.ec\/index.php?rest_route=\/wp\/v2\/types\/post"}],"author":[{"embeddable":true,"href":"https:\/\/www.ecuadoraldia.com.ec\/index.php?rest_route=\/wp\/v2\/users\/1"}],"replies":[{"embeddable":true,"href":"https:\/\/www.ecuadoraldia.com.ec\/index.php?rest_route=%2Fwp%2Fv2%2Fcomments&post=9736"}],"version-history":[{"count":1,"href":"https:\/\/www.ecuadoraldia.com.ec\/index.php?rest_route=\/wp\/v2\/posts\/9736\/revisions"}],"predecessor-version":[{"id":9738,"href":"https:\/\/www.ecuadoraldia.com.ec\/index.php?rest_route=\/wp\/v2\/posts\/9736\/revisions\/9738"}],"wp:attachment":[{"href":"https:\/\/www.ecuadoraldia.com.ec\/index.php?rest_route=%2Fwp%2Fv2%2Fmedia&parent=9736"}],"wp:term":[{"taxonomy":"category","embeddable":true,"href":"https:\/\/www.ecuadoraldia.com.ec\/index.php?rest_route=%2Fwp%2Fv2%2Fcategories&post=9736"},{"taxonomy":"post_tag","embeddable":true,"href":"https:\/\/www.ecuadoraldia.com.ec\/index.php?rest_route=%2Fwp%2Fv2%2Ftags&post=9736"}],"curies":[{"name":"wp","href":"https:\/\/api.w.org\/{rel}","templated":true}]}}