{"id":9743,"date":"2015-06-12T22:47:28","date_gmt":"2015-06-12T22:47:28","guid":{"rendered":"http:\/\/www.ecuadoraldia.com.ec\/?p=9743"},"modified":"2015-06-12T22:47:28","modified_gmt":"2015-06-12T22:47:28","slug":"el-pasado-hot-de-sofia-hellqvist-la-proxima-princesa-de-suecia","status":"publish","type":"post","link":"https:\/\/www.ecuadoraldia.com.ec\/?p=9743","title":{"rendered":"El pasado hot de Sof\u00eda Hellqvist, la pr\u00f3xima princesa de Suecia"},"content":{"rendered":"<p style=\"text-align: justify;\"><a href=\"http:\/\/www.ecuadoraldia.com.ec\/wp-content\/uploads\/2015\/06\/0012809301-1.jpg\"><img loading=\"lazy\" decoding=\"async\" class=\"alignleft size-medium wp-image-9744\" src=\"http:\/\/www.ecuadoraldia.com.ec\/wp-content\/uploads\/2015\/06\/0012809301-1-300x169.jpg\" alt=\"0012809301-1\" width=\"300\" height=\"169\" srcset=\"https:\/\/www.ecuadoraldia.com.ec\/wp-content\/uploads\/2015\/06\/0012809301-1-300x169.jpg 300w, https:\/\/www.ecuadoraldia.com.ec\/wp-content\/uploads\/2015\/06\/0012809301-1.jpg 770w\" sizes=\"(max-width: 300px) 100vw, 300px\" \/><\/a>Despu\u00e9s de haber sido estrella de un reality show, modelo, camarera y profesora de yoga, Sof\u00eda Hellqvist protagonizar\u00e1 el s\u00e1bado un cuento de hadas del siglo XXI al casarse con el pr\u00edncipe Carlos Felipe de Suecia.<\/p>\n<p style=\"text-align: justify;\">La futura princesa, de 30 a\u00f1os, morocha, hermosa y de porte elegante, se caracteriza por su radiante sonrisa de dientes separados. Su prometido, de 36 a\u00f1os, es el segundo hijo del rey Carlos Gustavo y la reina Silvia de Suecia. El tambi\u00e9n duque de V\u00e4rmland es el tercero en la l\u00ednea de sucesi\u00f3n al trono, por detr\u00e1s de su hermana mayor, la princesa Victoria, y de la hija de \u00e9sta, la princesa Estela.<\/p>\n<p style=\"text-align: justify;\">En la actualidad, un matrimonio real \u00abpermite unir a la familia real con el pueblo y reforzar el sentimiento de comunidad\u00bb, se\u00f1ala la historiadora Louise Berglund, entrevistada por la agencia de prensa sueca TT. Felipe y Sof\u00eda, pareja cercana y conocida por llevar un estilo de vida sano, quieren proyectar una imagen de realeza moderna y abierta, y se les puede ver a menudo haciendo ejercicio por la ciudad o pidiendo pizza para llevar en el barrio de moda de Estocolmo.<\/p>\n<p style=\"text-align: justify;\"><a href=\"http:\/\/www.ecuadoraldia.com.ec\/wp-content\/uploads\/2015\/06\/0012809293.jpg\"><img loading=\"lazy\" decoding=\"async\" class=\"alignleft size-medium wp-image-9745\" src=\"http:\/\/www.ecuadoraldia.com.ec\/wp-content\/uploads\/2015\/06\/0012809293-300x169.jpg\" alt=\"0012809293\" width=\"300\" height=\"169\" srcset=\"https:\/\/www.ecuadoraldia.com.ec\/wp-content\/uploads\/2015\/06\/0012809293-300x169.jpg 300w, https:\/\/www.ecuadoraldia.com.ec\/wp-content\/uploads\/2015\/06\/0012809293.jpg 770w\" sizes=\"(max-width: 300px) 100vw, 300px\" \/><\/a>Pero la bella princesa tiene un pasado sexy. En 2010, los medios suecos comenzaron a interesarse por el pasado de la joven como modelo de trajes de ba\u00f1o cuando se desvel\u00f3 su relaci\u00f3n con el pr\u00edncipe Carlos Felipe. Es que Sof\u00eda Hellqvist salt\u00f3 a la fama en 2005 despu\u00e9s de participar en el reality show Paradise Hotel.<\/p>\n<p style=\"text-align: justify;\">\u00abNO ME ARREPIENTO DE NADA. TODAS ESTAS EXPERIENCIAS HAN HECHO DE M\u00cd LA PERSONA QUE SOY\u00bb<\/p>\n<p style=\"text-align: justify;\">La futura princesa, que creci\u00f3 en una familia de clase media junto a sus dos hermanas en una peque\u00f1a ciudad del centro de Suecia, pos\u00f3 desnuda con 20 a\u00f1os para la revista sueca masculina Slitz.<\/p>\n<p style=\"text-align: justify;\"><a href=\"http:\/\/www.ecuadoraldia.com.ec\/wp-content\/uploads\/2015\/06\/0012809285.jpg\"><img loading=\"lazy\" decoding=\"async\" class=\"alignleft size-medium wp-image-9746\" src=\"http:\/\/www.ecuadoraldia.com.ec\/wp-content\/uploads\/2015\/06\/0012809285-300x169.jpg\" alt=\"0012809285\" width=\"300\" height=\"169\" srcset=\"https:\/\/www.ecuadoraldia.com.ec\/wp-content\/uploads\/2015\/06\/0012809285-300x169.jpg 300w, https:\/\/www.ecuadoraldia.com.ec\/wp-content\/uploads\/2015\/06\/0012809285.jpg 770w\" sizes=\"(max-width: 300px) 100vw, 300px\" \/><\/a>Los medios no tardaron en desempolvar esas fotos despu\u00e9s de que se anunci\u00f3 el compromiso entre la pareja en junio de 2014. Sin embargo, las im\u00e1genes provocaron muy poco revuelo, al igual que el piercing de su ombligo. Por el contrario, sus tatuajes fueron m\u00e1s criticados y la prensa sueca especula que la familia real podr\u00eda haberle pedido incluso que se los quitara.<\/p>\n<p style=\"text-align: justify;\">\u00abEs una l\u00e1stima todo lo que se escribe a\u00fan sobre esto\u00bb, declar\u00f3 Sof\u00eda en un documental sobre la familia real emitido en enero en la televisi\u00f3n sueca. Estas fotos \u00abme las hicieron hace 10 a\u00f1os y despu\u00e9s he continuado con mi vida\u00bb, se\u00f1al\u00f3.<\/p>\n<p style=\"text-align: justify;\">\u00abNo me arrepiento de nada. Todas estas experiencias han hecho de m\u00ed la persona que soy, aunque a d\u00eda de hoy no volver\u00eda a hacerlo\u00bb, declar\u00f3 bajo la c\u00f3mplice mirada de su prometido.<\/p>\n<p style=\"text-align: justify;\">En 2005, Sof\u00eda se mud\u00f3 a New York, donde estudi\u00f3 contabilidad y trabaj\u00f3 como profesora de yoga y camarera antes de volver a Suecia. \u00abPuedo decir que he vivido mi vida al 100%\u00bb, declar\u00f3 en el documental.<\/p>\n<p style=\"text-align: justify;\"><a href=\"http:\/\/www.ecuadoraldia.com.ec\/wp-content\/uploads\/2015\/06\/0012809277.jpg\"><img loading=\"lazy\" decoding=\"async\" class=\"alignleft size-medium wp-image-9747\" src=\"http:\/\/www.ecuadoraldia.com.ec\/wp-content\/uploads\/2015\/06\/0012809277-300x169.jpg\" alt=\"0012809277\" width=\"300\" height=\"169\" srcset=\"https:\/\/www.ecuadoraldia.com.ec\/wp-content\/uploads\/2015\/06\/0012809277-300x169.jpg 300w, https:\/\/www.ecuadoraldia.com.ec\/wp-content\/uploads\/2015\/06\/0012809277.jpg 770w\" sizes=\"(max-width: 300px) 100vw, 300px\" \/><\/a>En 2010, cofund\u00f3 con un amigo la ONG Project Playground para ayudar a los ni\u00f1os desfavorecidos en Sud\u00e1frica, despu\u00e9s de haber trabajado como voluntaria en varios pa\u00edses del continente africano. Dej\u00f3 su cargo en la ONG en marzo para centrarse en su nueva funci\u00f3n de princesa, t\u00edtulo que obtendr\u00e1 junto al de duquesa de V\u00e4rmland despu\u00e9s de la boda del s\u00e1bado en Estocolmo.<\/p>\n<p style=\"text-align: justify;\">Al contrario que su cu\u00f1ado, Chris O&#8217;Neill -empresario casado con la princesa Magdalena de Suecia-, que suele menospreciar los acontecimientos reales, Sof\u00eda es popular entre los suecos, que admiran de ella su franqueza y compromiso.(Infobae)<\/p>\n","protected":false},"excerpt":{"rendered":"<p>Despu\u00e9s de haber sido estrella de un reality show, modelo, camarera y profesora de yoga, Sof\u00eda Hellqvist protagonizar\u00e1 el s\u00e1bado<\/p>\n","protected":false},"author":1,"featured_media":0,"comment_status":"open","ping_status":"open","sticky":false,"template":"","format":"standard","meta":{"footnotes":""},"categories":[1],"tags":[],"_links":{"self":[{"href":"https:\/\/www.ecuadoraldia.com.ec\/index.php?rest_route=\/wp\/v2\/posts\/9743"}],"collection":[{"href":"https:\/\/www.ecuadoraldia.com.ec\/index.php?rest_route=\/wp\/v2\/posts"}],"about":[{"href":"https:\/\/www.ecuadoraldia.com.ec\/index.php?rest_route=\/wp\/v2\/types\/post"}],"author":[{"embeddable":true,"href":"https:\/\/www.ecuadoraldia.com.ec\/index.php?rest_route=\/wp\/v2\/users\/1"}],"replies":[{"embeddable":true,"href":"https:\/\/www.ecuadoraldia.com.ec\/index.php?rest_route=%2Fwp%2Fv2%2Fcomments&post=9743"}],"version-history":[{"count":1,"href":"https:\/\/www.ecuadoraldia.com.ec\/index.php?rest_route=\/wp\/v2\/posts\/9743\/revisions"}],"predecessor-version":[{"id":9748,"href":"https:\/\/www.ecuadoraldia.com.ec\/index.php?rest_route=\/wp\/v2\/posts\/9743\/revisions\/9748"}],"wp:attachment":[{"href":"https:\/\/www.ecuadoraldia.com.ec\/index.php?rest_route=%2Fwp%2Fv2%2Fmedia&parent=9743"}],"wp:term":[{"taxonomy":"category","embeddable":true,"href":"https:\/\/www.ecuadoraldia.com.ec\/index.php?rest_route=%2Fwp%2Fv2%2Fcategories&post=9743"},{"taxonomy":"post_tag","embeddable":true,"href":"https:\/\/www.ecuadoraldia.com.ec\/index.php?rest_route=%2Fwp%2Fv2%2Ftags&post=9743"}],"curies":[{"name":"wp","href":"https:\/\/api.w.org\/{rel}","templated":true}]}}