{"id":9749,"date":"2015-06-12T23:29:41","date_gmt":"2015-06-12T23:29:41","guid":{"rendered":"http:\/\/www.ecuadoraldia.com.ec\/?p=9749"},"modified":"2015-06-12T23:56:53","modified_gmt":"2015-06-12T23:56:53","slug":"como-acumular-riqueza-en-el-exterior-y-llorar-por-las-herencias","status":"publish","type":"post","link":"https:\/\/www.ecuadoraldia.com.ec\/?p=9749","title":{"rendered":"Como acumular riqueza en el exterior y llorar por las herencias"},"content":{"rendered":"<p><a href=\"http:\/\/www.ecuadoraldia.com.ec\/wp-content\/uploads\/2015\/06\/KINTOLUCAS.jpg\"><img loading=\"lazy\" decoding=\"async\" class=\"alignleft size-medium wp-image-9750\" src=\"http:\/\/www.ecuadoraldia.com.ec\/wp-content\/uploads\/2015\/06\/KINTOLUCAS-300x183.jpg\" alt=\"KINTOLUCAS\" width=\"300\" height=\"183\" \/><\/a>Kintto Lucas<br \/>\nRebeli\u00f3n<\/p>\n<p style=\"text-align: justify;\">Los impuestos a la herencia y a la plusval\u00eda en Ecuador aportan hacia una mayor redistribuci\u00f3n de la riqueza e intentan controlar la fuga de capitales. Tal vez debi\u00f3 establecerse con la primera reforma tributaria porque ahora parecen a destiempo, sobre todo pol\u00edticamente. Tambi\u00e9n deber\u00edan sumarse impuestos a las grandes fortunas y monopolios.<\/p>\n<p style=\"text-align: justify;\">Como las salvaguardias, estos impuestos buscan una mayor equidad, pero la firma de un TLC con la Uni\u00f3n Europea a mediano plazo contradecir\u00eda este prop\u00f3sito. Casualmente, los sectores empresariales que m\u00e1s protestan contra estos impuestos, son los mismos que han hecho la gran campa\u00f1a para imponer al gobierno la firma del TLC. Casualmente, tambi\u00e9n son los que sacan permanentemente su dinero fuera del pa\u00eds. Ser\u00eda interesante una buena investigaci\u00f3n sobre esos grupos que sacan el dinero del pa\u00eds y adem\u00e1s hacen campa\u00f1a para desestabilizarlo pol\u00edtica y econ\u00f3micamente.<\/p>\n<p style=\"text-align: justify;\">Esos sectores, que entre corrillos se jactan de haber impuesto el TLC al gobierno, creen que lograr\u00e1n desgastarlo y, en particular, desgastar la figura del presidente Rafael Correa hacia futuro. No hay que asombrarse de sus acciones y ambiciones.<\/p>\n<p style=\"text-align: justify;\">Cuando ciertos empresarios hacen campa\u00f1a contra los impuestos a la herencia y a la plusval\u00eda y contra las salvaguardias a las importaciones, pero presionan por la firma de Tratados de Libre Comercio con Estados Unidos y Europa, est\u00e1n defendiendo sus privilegios del presente y el futuro de sus privilegios.<\/p>\n<p style=\"text-align: justify;\">Estos grupos de empresarios-banqueros-pol\u00edticos, que ya han sacado parte de su dinero fuera, quieren seguir sacando el lucro que siguen obteniendo en Ecuador. Al mismo tiempo que acumulan m\u00e1s riqueza en el exterior intentan provocar una crisis pol\u00edtica y econ\u00f3mica en el pa\u00eds para ir a la desdolarizaci\u00f3n y, en su momento, con el dinero acumulado fuera, obtener mayores ganancias. Mientras fingen llorar por las herencias y enga\u00f1an a la gente, siguen acumulando.<\/p>\n","protected":false},"excerpt":{"rendered":"<p>Kintto Lucas Rebeli\u00f3n Los impuestos a la herencia y a la plusval\u00eda en Ecuador aportan hacia una mayor redistribuci\u00f3n de<\/p>\n","protected":false},"author":1,"featured_media":0,"comment_status":"open","ping_status":"open","sticky":false,"template":"","format":"standard","meta":{"footnotes":""},"categories":[15],"tags":[],"_links":{"self":[{"href":"https:\/\/www.ecuadoraldia.com.ec\/index.php?rest_route=\/wp\/v2\/posts\/9749"}],"collection":[{"href":"https:\/\/www.ecuadoraldia.com.ec\/index.php?rest_route=\/wp\/v2\/posts"}],"about":[{"href":"https:\/\/www.ecuadoraldia.com.ec\/index.php?rest_route=\/wp\/v2\/types\/post"}],"author":[{"embeddable":true,"href":"https:\/\/www.ecuadoraldia.com.ec\/index.php?rest_route=\/wp\/v2\/users\/1"}],"replies":[{"embeddable":true,"href":"https:\/\/www.ecuadoraldia.com.ec\/index.php?rest_route=%2Fwp%2Fv2%2Fcomments&post=9749"}],"version-history":[{"count":3,"href":"https:\/\/www.ecuadoraldia.com.ec\/index.php?rest_route=\/wp\/v2\/posts\/9749\/revisions"}],"predecessor-version":[{"id":9753,"href":"https:\/\/www.ecuadoraldia.com.ec\/index.php?rest_route=\/wp\/v2\/posts\/9749\/revisions\/9753"}],"wp:attachment":[{"href":"https:\/\/www.ecuadoraldia.com.ec\/index.php?rest_route=%2Fwp%2Fv2%2Fmedia&parent=9749"}],"wp:term":[{"taxonomy":"category","embeddable":true,"href":"https:\/\/www.ecuadoraldia.com.ec\/index.php?rest_route=%2Fwp%2Fv2%2Fcategories&post=9749"},{"taxonomy":"post_tag","embeddable":true,"href":"https:\/\/www.ecuadoraldia.com.ec\/index.php?rest_route=%2Fwp%2Fv2%2Ftags&post=9749"}],"curies":[{"name":"wp","href":"https:\/\/api.w.org\/{rel}","templated":true}]}}