{"id":9757,"date":"2015-06-13T14:09:08","date_gmt":"2015-06-13T14:09:08","guid":{"rendered":"http:\/\/www.ecuadoraldia.com.ec\/?p=9757"},"modified":"2015-06-13T14:09:08","modified_gmt":"2015-06-13T14:09:08","slug":"empresarios-responsabilizan-a-gobierno-y-asamblea-por-leyes","status":"publish","type":"post","link":"https:\/\/www.ecuadoraldia.com.ec\/?p=9757","title":{"rendered":"Empresarios responsabilizan a Gobierno y Asamblea por leyes"},"content":{"rendered":"<p style=\"text-align: justify;\"><a href=\"http:\/\/www.ecuadoraldia.com.ec\/wp-content\/uploads\/2015\/06\/universo.jpg\"><img loading=\"lazy\" decoding=\"async\" class=\"alignleft size-full wp-image-9758\" src=\"http:\/\/www.ecuadoraldia.com.ec\/wp-content\/uploads\/2015\/06\/universo.jpg\" alt=\"universo\" width=\"266\" height=\"149\" \/><\/a>Anuncian eliminaci\u00f3n de tabla de herencias que iba hasta el 77,5 %<\/p>\n<p style=\"text-align: justify;\">Los representantes de 20 gremios de los sectores productivos, como c\u00e1maras y federaciones de Comercio, de la Construcci\u00f3n, de Industrias, laboratorios farmac\u00e9uticos, turismo y otros, responsabilizaron ayer al Gobierno y a la Asamblea de los efectos que puedan generar las leyes de impuestos a las herencias y a la plusval\u00eda.<\/p>\n<p style=\"text-align: justify;\">\u201cDesde ya responsabilizamos al Gobierno nacional y a la Asamblea nacional por cualquiera que sea el desenvolvimiento de los acontecimientos que est\u00e1n ocurriendo en todo el pa\u00eds\u201d, mencion\u00f3 Henry Kronfle, presidente del Comit\u00e9 Empresarial Ecuatoriano.<\/p>\n<p style=\"text-align: justify;\">Richard Mart\u00ednez, presidente de la Federaci\u00f3n de C\u00e1maras de Industrias del Ecuador, expres\u00f3 que los proyectos se remitieron a la Asamblea en un momento en que la actividad econ\u00f3mica est\u00e1 reducida y que \u201cel propio Banco Central ha limitado el factor de crecimiento para este a\u00f1o a 1,9 %\u201d.<br \/>\nA\u00f1adi\u00f3 que como consecuencia del anuncio del tratamiento de las leyes algunas empresas ya paralizaron sus inversiones.<\/p>\n<p style=\"text-align: justify;\">Por su parte, Pablo Arosemena, presidente de la C\u00e1mara de Comercio de Guayaquil, reiter\u00f3 el pedido a la Asamblea que hizo p\u00fablico el jueves pasado de archivar los dos proyectos y que ayer fue secundado por el resto de gremios.<\/p>\n<p style=\"text-align: justify;\">\u201cEstos proyectos no env\u00edan una se\u00f1al positiva al pa\u00eds\u201d, dijo Arosemena, quien adem\u00e1s es titular de la Federaci\u00f3n de C\u00e1maras de Comercio.<\/p>\n<p style=\"text-align: justify;\">Mientras, Renato Carl\u00f3, presidente de la Asociaci\u00f3n de Laboratorios Farmac\u00e9uticos del Ecuador, se\u00f1al\u00f3 que este tipo de leyes ahuyentar\u00e1n todo tipo de inversiones.<\/p>\n<p style=\"text-align: justify;\">\u201cHoy estamos dejando en claro que no estamos de acuerdo con lo que se quiere implementar\u201d, expres\u00f3 Carl\u00f3.(El Universo)<\/p>\n","protected":false},"excerpt":{"rendered":"<p>Anuncian eliminaci\u00f3n de tabla de herencias que iba hasta el 77,5 % Los representantes de 20 gremios de los sectores<\/p>\n","protected":false},"author":1,"featured_media":0,"comment_status":"open","ping_status":"open","sticky":false,"template":"","format":"standard","meta":{"footnotes":""},"categories":[1],"tags":[],"_links":{"self":[{"href":"https:\/\/www.ecuadoraldia.com.ec\/index.php?rest_route=\/wp\/v2\/posts\/9757"}],"collection":[{"href":"https:\/\/www.ecuadoraldia.com.ec\/index.php?rest_route=\/wp\/v2\/posts"}],"about":[{"href":"https:\/\/www.ecuadoraldia.com.ec\/index.php?rest_route=\/wp\/v2\/types\/post"}],"author":[{"embeddable":true,"href":"https:\/\/www.ecuadoraldia.com.ec\/index.php?rest_route=\/wp\/v2\/users\/1"}],"replies":[{"embeddable":true,"href":"https:\/\/www.ecuadoraldia.com.ec\/index.php?rest_route=%2Fwp%2Fv2%2Fcomments&post=9757"}],"version-history":[{"count":1,"href":"https:\/\/www.ecuadoraldia.com.ec\/index.php?rest_route=\/wp\/v2\/posts\/9757\/revisions"}],"predecessor-version":[{"id":9759,"href":"https:\/\/www.ecuadoraldia.com.ec\/index.php?rest_route=\/wp\/v2\/posts\/9757\/revisions\/9759"}],"wp:attachment":[{"href":"https:\/\/www.ecuadoraldia.com.ec\/index.php?rest_route=%2Fwp%2Fv2%2Fmedia&parent=9757"}],"wp:term":[{"taxonomy":"category","embeddable":true,"href":"https:\/\/www.ecuadoraldia.com.ec\/index.php?rest_route=%2Fwp%2Fv2%2Fcategories&post=9757"},{"taxonomy":"post_tag","embeddable":true,"href":"https:\/\/www.ecuadoraldia.com.ec\/index.php?rest_route=%2Fwp%2Fv2%2Ftags&post=9757"}],"curies":[{"name":"wp","href":"https:\/\/api.w.org\/{rel}","templated":true}]}}