{"id":9760,"date":"2015-06-15T11:57:57","date_gmt":"2015-06-15T11:57:57","guid":{"rendered":"http:\/\/www.ecuadoraldia.com.ec\/?p=9760"},"modified":"2015-06-15T11:57:57","modified_gmt":"2015-06-15T11:57:57","slug":"papa-ofrece-su-ayuda-a-santos-para-el-proceso-de-paz-en-colombia","status":"publish","type":"post","link":"https:\/\/www.ecuadoraldia.com.ec\/?p=9760","title":{"rendered":"Papa ofrece su \u00abayuda\u00bb a Santos para el proceso de paz en Colombia"},"content":{"rendered":"<p style=\"text-align: justify;\"><a href=\"http:\/\/www.ecuadoraldia.com.ec\/wp-content\/uploads\/2015\/06\/santos-papa.jpg\"><img loading=\"lazy\" decoding=\"async\" class=\"alignleft size-full wp-image-9761\" src=\"http:\/\/www.ecuadoraldia.com.ec\/wp-content\/uploads\/2015\/06\/santos-papa.jpg\" alt=\"santos-papa\" width=\"277\" height=\"202\" \/><\/a>Agencia AFP. El papa Francisco ofreci\u00f3 su \u00abayuda\u00bb personal y la de la iglesia cat\u00f3lica al presidente colombiano Juan Manual Santos para el proceso de paz con la guerrilla de las FARC en Colombia durante la audiencia privada celebrada este lunes en el Vaticano, dijo el mandatario sudamericano.<\/p>\n<p style=\"text-align: justify;\">\u00abLo que pueda hacer yo personalmente o la Iglesia cuente con nosotros. Lo apoyamos y si necesita que juguemos un papel estamos dispuestos a hacerlo, a ayudarlo\u00bb, le dijo el papa Francisco seg\u00fan relat\u00f3 Santos a la prensa al t\u00e9rmino de la audiencia con el pont\u00edfice.<\/p>\n<p style=\"text-align: justify;\">Francisco recibi\u00f3 a puerta cerrada por veinte minutos al presidente colombiano en su biblioteca privada, en el segundo piso del palacio apost\u00f3lico.<\/p>\n<p style=\"text-align: justify;\">\u00abUsted es la persona por la que m\u00e1s he rezado, mucho, mucho y mucho por el proceso de paz y pido, pido por ello\u00bb, le dijo el papa al inicio del encuentro.<\/p>\n<p style=\"text-align: justify;\">\u00abA eso he venido, a pedirle ayuda e iluminaci\u00f3n\u00bb, le respondi\u00f3 Santos.<\/p>\n<p style=\"text-align: justify;\">El gobierno de Santos y las guerrillas de las Fuerzas Armadas Revolucionarias de Colombia (FARC) sostienen en La Habana (Cuba) desde noviembre de 2012 negociaciones de paz y han alcanzado acuerdos parciales, pero tienen pendientes entre otros el tema de las v\u00edctimas tras medio siglo de conflicto.<\/p>\n<p style=\"text-align: justify;\">\u00abLas v\u00edctimas est\u00e1n en el centro para la resoluci\u00f3n del conflicto\u00bb, le explic\u00f3 Santos al pont\u00edfice latinoamericano, quien reiter\u00f3 su disponibilidad y la de la Iglesia.<\/p>\n<p style=\"text-align: justify;\">\u00abEl Santo Padre me dijo que si se necesita que juguemos un papel estamos dispuestos a hacerlo, algo que nos complace mucho, porque es en este momento la m\u00e1xima voz autorizada que tiene en mundo\u00bb, agreg\u00f3 el mandatario colombiano.<\/p>\n<p style=\"text-align: justify;\">Santos adelant\u00f3 tambi\u00e9n que Francisco a\u00fan no ha fijado la fecha ni a\u00f1o para un viaje a Colombia, pero admiti\u00f3 ante el mandatario que si se firma la paz, \u00abeso ser\u00eda determinante para la visita\u00bb, asegur\u00f3. (AFP)<\/p>\n","protected":false},"excerpt":{"rendered":"<p>Agencia AFP. El papa Francisco ofreci\u00f3 su \u00abayuda\u00bb personal y la de la iglesia cat\u00f3lica al presidente colombiano Juan Manual<\/p>\n","protected":false},"author":1,"featured_media":0,"comment_status":"open","ping_status":"open","sticky":false,"template":"","format":"standard","meta":{"footnotes":""},"categories":[7],"tags":[],"_links":{"self":[{"href":"https:\/\/www.ecuadoraldia.com.ec\/index.php?rest_route=\/wp\/v2\/posts\/9760"}],"collection":[{"href":"https:\/\/www.ecuadoraldia.com.ec\/index.php?rest_route=\/wp\/v2\/posts"}],"about":[{"href":"https:\/\/www.ecuadoraldia.com.ec\/index.php?rest_route=\/wp\/v2\/types\/post"}],"author":[{"embeddable":true,"href":"https:\/\/www.ecuadoraldia.com.ec\/index.php?rest_route=\/wp\/v2\/users\/1"}],"replies":[{"embeddable":true,"href":"https:\/\/www.ecuadoraldia.com.ec\/index.php?rest_route=%2Fwp%2Fv2%2Fcomments&post=9760"}],"version-history":[{"count":1,"href":"https:\/\/www.ecuadoraldia.com.ec\/index.php?rest_route=\/wp\/v2\/posts\/9760\/revisions"}],"predecessor-version":[{"id":9762,"href":"https:\/\/www.ecuadoraldia.com.ec\/index.php?rest_route=\/wp\/v2\/posts\/9760\/revisions\/9762"}],"wp:attachment":[{"href":"https:\/\/www.ecuadoraldia.com.ec\/index.php?rest_route=%2Fwp%2Fv2%2Fmedia&parent=9760"}],"wp:term":[{"taxonomy":"category","embeddable":true,"href":"https:\/\/www.ecuadoraldia.com.ec\/index.php?rest_route=%2Fwp%2Fv2%2Fcategories&post=9760"},{"taxonomy":"post_tag","embeddable":true,"href":"https:\/\/www.ecuadoraldia.com.ec\/index.php?rest_route=%2Fwp%2Fv2%2Ftags&post=9760"}],"curies":[{"name":"wp","href":"https:\/\/api.w.org\/{rel}","templated":true}]}}