{"id":9766,"date":"2015-06-15T12:08:03","date_gmt":"2015-06-15T12:08:03","guid":{"rendered":"http:\/\/www.ecuadoraldia.com.ec\/?p=9766"},"modified":"2015-06-15T12:08:03","modified_gmt":"2015-06-15T12:08:03","slug":"correa-llega-tras-siete-dias-de-marchas","status":"publish","type":"post","link":"https:\/\/www.ecuadoraldia.com.ec\/?p=9766","title":{"rendered":"Correa llega tras siete d\u00edas de marchas"},"content":{"rendered":"<figure id=\"attachment_9767\" aria-describedby=\"caption-attachment-9767\" style=\"width: 285px\" class=\"wp-caption alignleft\"><a href=\"http:\/\/www.ecuadoraldia.com.ec\/wp-content\/uploads\/2015\/06\/correagira-1.jpg\"><img loading=\"lazy\" decoding=\"async\" class=\"size-full wp-image-9767\" src=\"http:\/\/www.ecuadoraldia.com.ec\/wp-content\/uploads\/2015\/06\/correagira-1.jpg\" alt=\"Foto archivo\" width=\"285\" height=\"213\" \/><\/a><figcaption id=\"caption-attachment-9767\" class=\"wp-caption-text\">Foto archivo<\/figcaption><\/figure>\n<p style=\"text-align: justify;\">La medici\u00f3n de fuerzas contin\u00faa. El escenario ser\u00e1 ahora la Plaza Grande. El presidente Rafael Correa invit\u00f3 a sus adeptos a acompa\u00f1arlo en el habitual cambio de guardia de los lunes. Ser\u00e1 su primer acto p\u00fablico en el pa\u00eds luego de su retorno de Europa y del inicio de una serie de protestas en contra del Gobierno en varias ciudades por los proyectos relacionados a los impuestos a la herencia y plusval\u00eda.<\/p>\n<p style=\"text-align: justify;\">Ayer, ciudadanos decidieron esperar la llegada del jefe de Estado a las afueras de la terminal a\u00e9rea de Quito para expresarle su insatisfacci\u00f3n. Y el m\u00e1s esperado no lleg\u00f3, por lo menos hasta el cierra de esta edici\u00f3n.<\/p>\n<p style=\"text-align: justify;\">La denominada &#8216;caravana de luto&#8217; se instal\u00f3 en la Ruta Viva, principal v\u00eda de acceso para el aeropuerto de Tababela. Decenas de veh\u00edculos formaron un extenso cord\u00f3n de protesta desde las 16:30. C\u00e1nticos, pitos y banderas negras se extendieron por la carretera. La convocatoria surgi\u00f3 en las redes. Luego de esperar y no tener noticias del arribo del primer mandatario, los manifestantes se dirigieron hasta la tribuna de Los Shyris, donde se concentraron hasta pasadas las 21:00.<\/p>\n<p style=\"text-align: justify;\">La Secretar\u00eda Nacional de Comunicaci\u00f3n no confirm\u00f3 la hora de llegada de Correa. Seg\u00fan explicaron, Despacho no entregaba esa informaci\u00f3n, algo inusual en los viajes presidenciales. Aunque estaba prevista su llegada en la madrugada.<\/p>\n<p style=\"text-align: justify;\">Los partidarios oficialistas tambi\u00e9n quisieron ser tendencia con estrategias virtuales. Los simpatizantes se identificaban con una misma foto de perfil en Facebook y Twitter. Una bandera de Ecuador con la frase \u00abM\u00e1s de 1.000 razones, embandera tu coraz\u00f3n\u00bb se coloc\u00f3 en las cuentas de ministros, secretarios. Ciudadanos simpatizantes tambi\u00e9n se sumaron.<\/p>\n<p style=\"text-align: justify;\">En Azuay, el Parlamento Popular decidi\u00f3 que saldr\u00e1 a las calles el 27 de junio con la denominada &#8216;marcha por la dignidad y la unidad del Azuay y del pa\u00eds&#8217;. El prefecto Pa\u00fal Carrasco expres\u00f3 su apoyo.(expreso)<\/p>\n","protected":false},"excerpt":{"rendered":"<p>La medici\u00f3n de fuerzas contin\u00faa. El escenario ser\u00e1 ahora la Plaza Grande. El presidente Rafael Correa invit\u00f3 a sus adeptos<\/p>\n","protected":false},"author":1,"featured_media":0,"comment_status":"open","ping_status":"open","sticky":false,"template":"","format":"standard","meta":{"footnotes":""},"categories":[1],"tags":[],"_links":{"self":[{"href":"https:\/\/www.ecuadoraldia.com.ec\/index.php?rest_route=\/wp\/v2\/posts\/9766"}],"collection":[{"href":"https:\/\/www.ecuadoraldia.com.ec\/index.php?rest_route=\/wp\/v2\/posts"}],"about":[{"href":"https:\/\/www.ecuadoraldia.com.ec\/index.php?rest_route=\/wp\/v2\/types\/post"}],"author":[{"embeddable":true,"href":"https:\/\/www.ecuadoraldia.com.ec\/index.php?rest_route=\/wp\/v2\/users\/1"}],"replies":[{"embeddable":true,"href":"https:\/\/www.ecuadoraldia.com.ec\/index.php?rest_route=%2Fwp%2Fv2%2Fcomments&post=9766"}],"version-history":[{"count":1,"href":"https:\/\/www.ecuadoraldia.com.ec\/index.php?rest_route=\/wp\/v2\/posts\/9766\/revisions"}],"predecessor-version":[{"id":9768,"href":"https:\/\/www.ecuadoraldia.com.ec\/index.php?rest_route=\/wp\/v2\/posts\/9766\/revisions\/9768"}],"wp:attachment":[{"href":"https:\/\/www.ecuadoraldia.com.ec\/index.php?rest_route=%2Fwp%2Fv2%2Fmedia&parent=9766"}],"wp:term":[{"taxonomy":"category","embeddable":true,"href":"https:\/\/www.ecuadoraldia.com.ec\/index.php?rest_route=%2Fwp%2Fv2%2Fcategories&post=9766"},{"taxonomy":"post_tag","embeddable":true,"href":"https:\/\/www.ecuadoraldia.com.ec\/index.php?rest_route=%2Fwp%2Fv2%2Ftags&post=9766"}],"curies":[{"name":"wp","href":"https:\/\/api.w.org\/{rel}","templated":true}]}}