{"id":9778,"date":"2015-06-15T23:32:27","date_gmt":"2015-06-15T23:32:27","guid":{"rendered":"http:\/\/www.ecuadoraldia.com.ec\/?p=9778"},"modified":"2015-06-15T23:56:58","modified_gmt":"2015-06-15T23:56:58","slug":"presidente-rafel-correa-habara-esta-noche-en-cadena","status":"publish","type":"post","link":"https:\/\/www.ecuadoraldia.com.ec\/?p=9778","title":{"rendered":"Presidente Rafel Correa habar\u00e1 esta noche en cadena"},"content":{"rendered":"<p style=\"text-align: justify;\"><a href=\"http:\/\/www.ecuadoraldia.com.ec\/wp-content\/uploads\/2015\/06\/correa_mensaje.jpg\"><img loading=\"lazy\" decoding=\"async\" class=\"alignleft size-medium wp-image-9779\" src=\"http:\/\/www.ecuadoraldia.com.ec\/wp-content\/uploads\/2015\/06\/correa_mensaje-300x245.jpg\" alt=\"correa_mensaje\" width=\"300\" height=\"245\" srcset=\"https:\/\/www.ecuadoraldia.com.ec\/wp-content\/uploads\/2015\/06\/correa_mensaje-300x245.jpg 300w, https:\/\/www.ecuadoraldia.com.ec\/wp-content\/uploads\/2015\/06\/correa_mensaje.jpg 334w\" sizes=\"(max-width: 300px) 100vw, 300px\" \/><\/a>El presidente de la Rep\u00fablica, Rafael Correa, se refiri\u00f3 en Twitter a las protestas de la oposici\u00f3n el fin de semana y alert\u00f3 a la ciudadan\u00eda que lo que se busca es causar incidentes. El domingo, adem\u00e1s de la caravana de los contrarios a los proyectos de las denominadas ley de Herencias y Plusval\u00eda, tambi\u00e9n salieron a las calles grupos que defienden las pol\u00edticas del r\u00e9gimen.<\/p>\n<p style=\"text-align: justify;\">Correa reiter\u00f3 que lo que si desean es \u00absacar al Presidente\u00bb, deber\u00e1n hacerlo \u00abdemocr\u00e1ticamente\u00bb en las urnas.<\/p>\n<p style=\"text-align: justify;\">A\u00f1adi\u00f3 que pasar\u00e1 a la historia \u00abla violencia que los de siempre han generado\u00bb. Reiter\u00f3 que la Ley de Distribuci\u00f3n de la Riqueza (Herencias) afecta a menos del 2% de los ecuatorianos, mientras que la ley de Plusval\u00eda es en contra de la especulaci\u00f3n de tierras.<\/p>\n<p style=\"text-align: justify;\">Tambi\u00e9n anunci\u00f3 que hoy, por la gravedad de los hechos, pues \u00abes claro que quieren generar m\u00e1s violencia\u00bb, dirigir\u00e1 un mensaje a la Naci\u00f3n a las 21:00.<\/p>\n<p style=\"text-align: justify;\">M\u00e1s temprano, el Primer Mandatario se dirigi\u00f3 a los ciudadanos desde el balc\u00f3n del Palacio de Carondelet. En su discurso rechaz\u00f3 los actos violentos de la oposici\u00f3n y ret\u00f3 a sus detractores a reunir firmas para ir a una consulta popular de revocatoria de su mandato. Militantes de Alianza PAIS y ciudadanos que respaldan al Jefe de Estado se congregaron en la Plaza Grande. (El tel\u00e9grafo).<\/p>\n<p style=\"text-align: justify;\">En su cuenta de Twitter, el Presidente anunci\u00f3 que dirigir\u00e1 un mensaje al pueblo esta noche a las 21 horas&#8230;..<\/p>\n<p style=\"text-align: justify;\">Hola a tod@s. Por fin en casa. Viaje muy exitoso pero, como siempre, muy intenso y cansado. Llegamos a la una de la ma\u00f1ana.<br \/>\nParece que&#8230;..los de luto eterno quisieron recibirme en el aeropuerto. Les agradezco la gentileza. Ojal\u00e1 que el pueblo se de cuenta de lo que buscan:..si se hubiesen cruzado las dos caravanas hubieran habido terribles incidentes.<br \/>\n\u00bfQuieren sacar al Presidente que les dio tres a uno en&#8230; las \u00faltimas elecciones? \u00a1H\u00e1ganlo democr\u00e1ticamente! Nos veremos en las urnas y los volveremos a vencer.<br \/>\n\u00a1Somos m\u00e1s, much\u00edsimos m\u00e1s!<br \/>\n.recibimiento de nuestros compa\u00f1eros en la Plaza Grande.<br \/>\n\u00a1Unidos, somos invencibles!<br \/>\nPasar\u00e1 a la historia toda la violencia que los&#8230;..de siempre han generado por una ley de distibuci\u00f3n de riqueza que afecta a menos del 2%, y otra contra la especulaci\u00f3n de tierras. Por&#8230;supuesto, afecta intereses de ciertos pol\u00edticos.<br \/>\nSeguiremos en nuestras convicciones: el gran pecado social de nuestra Am\u00e9rica es la&#8230;&#8230;desigualdad, y donde la pobreza es fruto de la exclusi\u00f3n, no de la escasez de recursos.<br \/>\nEsta noche, a las 21h00, por la gravedad de&#8230;.los hechos -es claro que quieren generar m\u00e1s violencia-, dirigir\u00e9 un Mensaje a la Naci\u00f3n.<br \/>\nEntre las cosas m\u00e1s simp\u00e1ticas, mucha suerte&#8230;&#8230;a la Tri en su partido contra Bolivia. \u00a1Todos somos la TRI!<br \/>\nAlgo jocoso y verg\u00fcenza ajena: cierta asamble\u00edsta dijo en tw que quer\u00eda&#8230;&#8230;aterrizar en la \u201cPen\u00ednsula\u201d de Gal\u00e1pagos, y funge de abogada.<br \/>\nAl menos nos hacen re\u00edr.<br \/>\n\u00a1Hasta la victoria siempre!<\/p>\n","protected":false},"excerpt":{"rendered":"<p>El presidente de la Rep\u00fablica, Rafael Correa, se refiri\u00f3 en Twitter a las protestas de la oposici\u00f3n el fin de<\/p>\n","protected":false},"author":1,"featured_media":0,"comment_status":"open","ping_status":"open","sticky":false,"template":"","format":"standard","meta":{"footnotes":""},"categories":[1],"tags":[],"_links":{"self":[{"href":"https:\/\/www.ecuadoraldia.com.ec\/index.php?rest_route=\/wp\/v2\/posts\/9778"}],"collection":[{"href":"https:\/\/www.ecuadoraldia.com.ec\/index.php?rest_route=\/wp\/v2\/posts"}],"about":[{"href":"https:\/\/www.ecuadoraldia.com.ec\/index.php?rest_route=\/wp\/v2\/types\/post"}],"author":[{"embeddable":true,"href":"https:\/\/www.ecuadoraldia.com.ec\/index.php?rest_route=\/wp\/v2\/users\/1"}],"replies":[{"embeddable":true,"href":"https:\/\/www.ecuadoraldia.com.ec\/index.php?rest_route=%2Fwp%2Fv2%2Fcomments&post=9778"}],"version-history":[{"count":2,"href":"https:\/\/www.ecuadoraldia.com.ec\/index.php?rest_route=\/wp\/v2\/posts\/9778\/revisions"}],"predecessor-version":[{"id":9795,"href":"https:\/\/www.ecuadoraldia.com.ec\/index.php?rest_route=\/wp\/v2\/posts\/9778\/revisions\/9795"}],"wp:attachment":[{"href":"https:\/\/www.ecuadoraldia.com.ec\/index.php?rest_route=%2Fwp%2Fv2%2Fmedia&parent=9778"}],"wp:term":[{"taxonomy":"category","embeddable":true,"href":"https:\/\/www.ecuadoraldia.com.ec\/index.php?rest_route=%2Fwp%2Fv2%2Fcategories&post=9778"},{"taxonomy":"post_tag","embeddable":true,"href":"https:\/\/www.ecuadoraldia.com.ec\/index.php?rest_route=%2Fwp%2Fv2%2Ftags&post=9778"}],"curies":[{"name":"wp","href":"https:\/\/api.w.org\/{rel}","templated":true}]}}