{"id":9782,"date":"2015-06-15T23:39:24","date_gmt":"2015-06-15T23:39:24","guid":{"rendered":"http:\/\/www.ecuadoraldia.com.ec\/?p=9782"},"modified":"2015-06-15T23:39:24","modified_gmt":"2015-06-15T23:39:24","slug":"semanario-italiano-filtra-borrador-de-enciclica-papal-vaticano-aclara-que-no-es-texto-final","status":"publish","type":"post","link":"https:\/\/www.ecuadoraldia.com.ec\/?p=9782","title":{"rendered":"Semanario italiano filtra borrador de enc\u00edclica papal; Vaticano aclara que no es texto final"},"content":{"rendered":"<p style=\"text-align: justify;\"><a href=\"http:\/\/www.ecuadoraldia.com.ec\/wp-content\/uploads\/2015\/06\/pope_enciclica1.jpg\"><img loading=\"lazy\" decoding=\"async\" class=\"alignleft size-medium wp-image-9783\" src=\"http:\/\/www.ecuadoraldia.com.ec\/wp-content\/uploads\/2015\/06\/pope_enciclica1-300x206.jpg\" alt=\"pope_enciclica1\" width=\"300\" height=\"206\" srcset=\"https:\/\/www.ecuadoraldia.com.ec\/wp-content\/uploads\/2015\/06\/pope_enciclica1-300x206.jpg 300w, https:\/\/www.ecuadoraldia.com.ec\/wp-content\/uploads\/2015\/06\/pope_enciclica1.jpg 635w\" sizes=\"(max-width: 300px) 100vw, 300px\" \/><\/a>Ciudad del vaticano 16-6-2015.Un semanario italiano filtr\u00f3 este lunes un borrador de la segunda enc\u00edclica del papa Francisco, titulada Laudato si (Alabado sea) y que ser\u00e1 presentado el jueves 18 de junio. Al respecto, portavoz del Vaticano, el padre Federico Lombardi precis\u00f3 que \u00abno es el texto final\u00bb y exhort\u00f3 a los periodistas a mantener el embargo del documento hasta su publicaci\u00f3n oficial.<\/p>\n<p style=\"text-align: justify;\">\u00abHa sido publicado el texto italiano de un boceto de la Enc\u00edclica del Papa &#8216;Laudato si&#8217;. Se hace presente que no se trata del texto final y que la regla del embargo esta en vigor\u00bb, indic\u00f3 Lombardi en un comunicado.<\/p>\n<p style=\"text-align: justify;\">Asimismo, el Vaticano invit\u00f3 a los periodistas a respetar la \u00abcorrecci\u00f3n period\u00edstica que requiere la espera a la publicaci\u00f3n del texto oficial\u00bb.<\/p>\n<p style=\"text-align: justify;\">La nueva enc\u00edclica del Papa abordar\u00eda los efectos del cambio clim\u00e1tico y llamar\u00eda a todas las personas ser \u00abcolaboradores de la creaci\u00f3n\u00bb.<\/p>\n<p style=\"text-align: justify;\">Al convertir en un imperativo moral la protecci\u00f3n del medio ambiente, la intervenci\u00f3n de Francisco podr\u00eda llevar a los 1.200 millones de cat\u00f3licos del mundo a hacer presi\u00f3n ante los l\u00edderes de sus pa\u00edses por temas ecol\u00f3gicos.<\/p>\n<p style=\"text-align: justify;\">Francisco ya ha empleado su papado de dos a\u00f1os para referirse a asuntos como la reanudaci\u00f3n de los lazos diplom\u00e1ticos entre Cuba y Estados Unidos, un acercamiento impulsado por el Vaticano.<\/p>\n<p style=\"text-align: justify;\">El Papa ha dicho que quiere que el documento, que se divulgar\u00e1 el jueves bajo el t\u00edtulo \u00abLaudato Si (Alabado sea), Sobre el Cuidado de Nuestro Hogar Compartido\u00bb, sea parte del debate que se desarrollar\u00e1 en una cumbre de Naciones Unidas sobre el cambio clim\u00e1tico este a\u00f1o.<\/p>\n<p style=\"text-align: justify;\">Francisco tom\u00f3 su nombre de San Francisco de As\u00eds, patrono de la ecolog\u00eda, y el t\u00edtulo de la enc\u00edclica proviene del C\u00e1ntico de las Criaturas, una de las oraciones del santo en alabanza a la naturaleza.<\/p>\n<p style=\"text-align: justify;\">El domingo, ante decenas de miles de personas en la Plaza de San Pedro, Francisco manifest\u00f3 que el texto iba \u00abdirigido a todos\u00bb y que esperaba que pudiera generar una \u00abrenovada atenci\u00f3n a situaciones de degradaci\u00f3n ambiental y su recuperaci\u00f3n\u00bb y conducir a una \u00abmayor responsabilidad por el hogar compartido que Dios nos ha confiado\u00bb.<\/p>\n<p style=\"text-align: justify;\">\u00abYo no s\u00e9 si es todo (culpa del hombre) pero la mayor parte s\u00ed lo es (&#8230;)\u00bb, dijo el Papa. \u00abCreo que el hombre ha ido demasiado lejos (&#8230;), gracias a Dios que hoy hay voces que lo est\u00e1n denunciado\u00bb, declar\u00f3.<\/p>\n<p style=\"text-align: justify;\">Fuentes con acceso a la enc\u00edclica dicen que aborda el impacto del cambio clim\u00e1tico sobre las personas m\u00e1s pobres y que discute las desigualdades de la riqueza, un tema que ya es una de las prioridades para el primer pont\u00edfice de Am\u00e9rica Latina, regi\u00f3n donde la pobreza est\u00e1 muy extendida.<\/p>\n<p style=\"text-align: justify;\">El documento pedir\u00e1 a las naciones ricas que revisen sus estilos de vida basados en el \u00abdesperdicio\u00bb de recursos. (Ciudad del Vaticano)<\/p>\n","protected":false},"excerpt":{"rendered":"<p>Ciudad del vaticano 16-6-2015.Un semanario italiano filtr\u00f3 este lunes un borrador de la segunda enc\u00edclica del papa Francisco, titulada Laudato<\/p>\n","protected":false},"author":1,"featured_media":0,"comment_status":"open","ping_status":"open","sticky":false,"template":"","format":"standard","meta":{"footnotes":""},"categories":[7],"tags":[],"_links":{"self":[{"href":"https:\/\/www.ecuadoraldia.com.ec\/index.php?rest_route=\/wp\/v2\/posts\/9782"}],"collection":[{"href":"https:\/\/www.ecuadoraldia.com.ec\/index.php?rest_route=\/wp\/v2\/posts"}],"about":[{"href":"https:\/\/www.ecuadoraldia.com.ec\/index.php?rest_route=\/wp\/v2\/types\/post"}],"author":[{"embeddable":true,"href":"https:\/\/www.ecuadoraldia.com.ec\/index.php?rest_route=\/wp\/v2\/users\/1"}],"replies":[{"embeddable":true,"href":"https:\/\/www.ecuadoraldia.com.ec\/index.php?rest_route=%2Fwp%2Fv2%2Fcomments&post=9782"}],"version-history":[{"count":1,"href":"https:\/\/www.ecuadoraldia.com.ec\/index.php?rest_route=\/wp\/v2\/posts\/9782\/revisions"}],"predecessor-version":[{"id":9784,"href":"https:\/\/www.ecuadoraldia.com.ec\/index.php?rest_route=\/wp\/v2\/posts\/9782\/revisions\/9784"}],"wp:attachment":[{"href":"https:\/\/www.ecuadoraldia.com.ec\/index.php?rest_route=%2Fwp%2Fv2%2Fmedia&parent=9782"}],"wp:term":[{"taxonomy":"category","embeddable":true,"href":"https:\/\/www.ecuadoraldia.com.ec\/index.php?rest_route=%2Fwp%2Fv2%2Fcategories&post=9782"},{"taxonomy":"post_tag","embeddable":true,"href":"https:\/\/www.ecuadoraldia.com.ec\/index.php?rest_route=%2Fwp%2Fv2%2Ftags&post=9782"}],"curies":[{"name":"wp","href":"https:\/\/api.w.org\/{rel}","templated":true}]}}