{"id":9785,"date":"2015-06-15T23:42:51","date_gmt":"2015-06-15T23:42:51","guid":{"rendered":"http:\/\/www.ecuadoraldia.com.ec\/?p=9785"},"modified":"2015-06-15T23:42:51","modified_gmt":"2015-06-15T23:42:51","slug":"ecuador-no-gana-en-la-copa","status":"publish","type":"post","link":"https:\/\/www.ecuadoraldia.com.ec\/?p=9785","title":{"rendered":"Ecuador no gana en la Copa"},"content":{"rendered":"<p style=\"text-align: justify;\"><a href=\"http:\/\/www.ecuadoraldia.com.ec\/wp-content\/uploads\/2015\/06\/15-06-15-ecuador-bolivia.jpg\"><img loading=\"lazy\" decoding=\"async\" class=\"alignleft size-full wp-image-9786\" src=\"http:\/\/www.ecuadoraldia.com.ec\/wp-content\/uploads\/2015\/06\/15-06-15-ecuador-bolivia.jpg\" alt=\"15-06-15 ecuador-bolivia\" width=\"298\" height=\"195\" \/><\/a>La selecci\u00f3n de Gustavo Quinteros perdi\u00f3 3-2 ante Bolivia en su segundo partido de la Copa Am\u00e9rica, por lo que su clasificaci\u00f3n a la siguiente instancia del certamen depende de otros resultados. En la \u00faltima fecha por el grupo A la &#8216;Tri&#8217; jugar\u00e1 ante M\u00e9xico.<\/p>\n<p style=\"text-align: justify;\">Los goles de Miller Bola\u00f1os y Enner Valencia no fueron suficiente para Ecuador que hizo un gran segundo tiempo, tal y como sucedi\u00f3 en el cotejo anterior contra Chile.<\/p>\n<p style=\"text-align: justify;\">A los 4 minutos el defensa Ronald Raldes, de cabeza, abri\u00f3 el marcador ante la falta de marca de los zagueros ecuatorianos, en un centro que consiguieron los bolivianos desde la derecha.<\/p>\n<p style=\"text-align: justify;\">Luego, a los 17\u2019, un error en la salida de Walter Ayov\u00ed le permiti\u00f3 recuperar el bal\u00f3n a Bolivia, que ampli\u00f3 su ventaja por intermedio de Mart\u00edn Dalence, quien decret\u00f3 el 2-0.<\/p>\n<p style=\"text-align: justify;\">La Tricolor no aprovech\u00f3 un penal que le pitaron a los 37\u2019, ya que en su segundo intento (el primero lo acert\u00f3 Valencia, pero Bola\u00f1os invadi\u00f3 el \u00e1rea) err\u00f3 el remate Enner Valencia. Bolivia tambi\u00e9n tuvo un penal y \u00e9ste s\u00ed fue convertido por Marcelo Moreno Martins.<\/p>\n<p style=\"text-align: justify;\">Ecuador no ha sumado puntos en esta edici\u00f3n de la Copa; mientras que Bolivia tiene 4 unidades y en la \u00faltima fecha jugar\u00e1 ante Chile. (AFP)<\/p>\n","protected":false},"excerpt":{"rendered":"<p>La selecci\u00f3n de Gustavo Quinteros perdi\u00f3 3-2 ante Bolivia en su segundo partido de la Copa Am\u00e9rica, por lo que<\/p>\n","protected":false},"author":1,"featured_media":0,"comment_status":"open","ping_status":"open","sticky":false,"template":"","format":"standard","meta":{"footnotes":""},"categories":[10],"tags":[],"_links":{"self":[{"href":"https:\/\/www.ecuadoraldia.com.ec\/index.php?rest_route=\/wp\/v2\/posts\/9785"}],"collection":[{"href":"https:\/\/www.ecuadoraldia.com.ec\/index.php?rest_route=\/wp\/v2\/posts"}],"about":[{"href":"https:\/\/www.ecuadoraldia.com.ec\/index.php?rest_route=\/wp\/v2\/types\/post"}],"author":[{"embeddable":true,"href":"https:\/\/www.ecuadoraldia.com.ec\/index.php?rest_route=\/wp\/v2\/users\/1"}],"replies":[{"embeddable":true,"href":"https:\/\/www.ecuadoraldia.com.ec\/index.php?rest_route=%2Fwp%2Fv2%2Fcomments&post=9785"}],"version-history":[{"count":1,"href":"https:\/\/www.ecuadoraldia.com.ec\/index.php?rest_route=\/wp\/v2\/posts\/9785\/revisions"}],"predecessor-version":[{"id":9787,"href":"https:\/\/www.ecuadoraldia.com.ec\/index.php?rest_route=\/wp\/v2\/posts\/9785\/revisions\/9787"}],"wp:attachment":[{"href":"https:\/\/www.ecuadoraldia.com.ec\/index.php?rest_route=%2Fwp%2Fv2%2Fmedia&parent=9785"}],"wp:term":[{"taxonomy":"category","embeddable":true,"href":"https:\/\/www.ecuadoraldia.com.ec\/index.php?rest_route=%2Fwp%2Fv2%2Fcategories&post=9785"},{"taxonomy":"post_tag","embeddable":true,"href":"https:\/\/www.ecuadoraldia.com.ec\/index.php?rest_route=%2Fwp%2Fv2%2Ftags&post=9785"}],"curies":[{"name":"wp","href":"https:\/\/api.w.org\/{rel}","templated":true}]}}