{"id":9789,"date":"2015-06-15T23:47:13","date_gmt":"2015-06-15T23:47:13","guid":{"rendered":"http:\/\/www.ecuadoraldia.com.ec\/?p=9789"},"modified":"2015-06-15T23:47:13","modified_gmt":"2015-06-15T23:47:13","slug":"ecuador-cumple-los-convenios-internacionales-de-trabajo","status":"publish","type":"post","link":"https:\/\/www.ecuadoraldia.com.ec\/?p=9789","title":{"rendered":"Ecuador cumple  los convenios internacionales de trabajo"},"content":{"rendered":"<p style=\"text-align: justify;\"><a href=\"http:\/\/www.ecuadoraldia.com.ec\/wp-content\/uploads\/2015\/06\/CarlosMarx_oit.jpg\"><img loading=\"lazy\" decoding=\"async\" class=\"alignleft size-medium wp-image-9790\" src=\"http:\/\/www.ecuadoraldia.com.ec\/wp-content\/uploads\/2015\/06\/CarlosMarx_oit-300x178.jpg\" alt=\"CarlosMarx_oit\" width=\"300\" height=\"178\" srcset=\"https:\/\/www.ecuadoraldia.com.ec\/wp-content\/uploads\/2015\/06\/CarlosMarx_oit-300x178.jpg 300w, https:\/\/www.ecuadoraldia.com.ec\/wp-content\/uploads\/2015\/06\/CarlosMarx_oit.jpg 510w\" sizes=\"(max-width: 300px) 100vw, 300px\" \/><\/a>El ministro de Trabajo, Carlos Marx Carrasco, valor\u00f3 la participaci\u00f3n y los resultados alcanzados en la conferencia de la Organizaci\u00f3n Internacional del Trabajo (OIT) y destac\u00f3 varios puntos positivos que dej\u00f3 esa reuni\u00f3n.<\/p>\n<p style=\"text-align: justify;\">Resalt\u00f3 que Ecuador no figura en la lista de pa\u00edses que han incumplido los convenios con la OIT. Los pa\u00edses en esa lista pasan a una suerte de evaluaci\u00f3n por parte de la organizaci\u00f3n. \u201cLos esfuerzos de estos 8 a\u00f1os y medio de Gobierno hacen que no estemos en esa lista, porque este Gobierno es de los trabajadores. Se cumple a plenitud con la libertad sindical, la contrataci\u00f3n colectiva, el convenio del trabajo nfantil, el caracter digno y decente del trabajo. Nuestro pa\u00eds se coloca a la vanguardia a nivel mundial en cuanto a al universalizaci\u00f3n de la seguridad social\u201d, dijo.<\/p>\n<p style=\"text-align: justify;\">Los ejes de la conferencia se relacionaron con la creaci\u00f3n del empleo, la transici\u00f3n desde la econom\u00eda informal, la protecci\u00f3n social de los trabajadores, la creaci\u00f3n del empleo decente y productivo y la aplicaci\u00f3n de las normas internacionales de trabajo.<\/p>\n<p style=\"text-align: justify;\">Ecuador ratific\u00f3 los 61 convenios que ten\u00eda suscrito con la organizaci\u00f3n y seg\u00fan el ministro, probablemente Ecuador sea el pa\u00eds que m\u00e1s convenios ha ratificado.<\/p>\n<p style=\"text-align: justify;\">Carrasco tambi\u00e9n se\u00f1al\u00f3 que la Ley Org\u00e1nica para la Justicia Laboral y Reconocimiento del Trabajo No Remunerado del Hogar \u201cconcit\u00f3 el inter\u00e9s mundial por su contenido vanguardista en defensa de los derechos de los trabajadores\u201d.<\/p>\n<p style=\"text-align: justify;\">Agreg\u00f3 que est\u00e1 funcionado un Centro de Estudios del Trabajo, que realiza una serie de estudios para buscar y construir pol\u00edticas activas de trabajo. \u201cEn nuestro discurso, el objetivo superior que planteamos, como una utop\u00eda posible, es el pleno empleo con trabajo digno para todos\u201d, a\u00f1adi\u00f3. (AFP)<\/p>\n","protected":false},"excerpt":{"rendered":"<p>El ministro de Trabajo, Carlos Marx Carrasco, valor\u00f3 la participaci\u00f3n y los resultados alcanzados en la conferencia de la Organizaci\u00f3n<\/p>\n","protected":false},"author":1,"featured_media":0,"comment_status":"open","ping_status":"open","sticky":false,"template":"","format":"standard","meta":{"footnotes":""},"categories":[1],"tags":[],"_links":{"self":[{"href":"https:\/\/www.ecuadoraldia.com.ec\/index.php?rest_route=\/wp\/v2\/posts\/9789"}],"collection":[{"href":"https:\/\/www.ecuadoraldia.com.ec\/index.php?rest_route=\/wp\/v2\/posts"}],"about":[{"href":"https:\/\/www.ecuadoraldia.com.ec\/index.php?rest_route=\/wp\/v2\/types\/post"}],"author":[{"embeddable":true,"href":"https:\/\/www.ecuadoraldia.com.ec\/index.php?rest_route=\/wp\/v2\/users\/1"}],"replies":[{"embeddable":true,"href":"https:\/\/www.ecuadoraldia.com.ec\/index.php?rest_route=%2Fwp%2Fv2%2Fcomments&post=9789"}],"version-history":[{"count":1,"href":"https:\/\/www.ecuadoraldia.com.ec\/index.php?rest_route=\/wp\/v2\/posts\/9789\/revisions"}],"predecessor-version":[{"id":9791,"href":"https:\/\/www.ecuadoraldia.com.ec\/index.php?rest_route=\/wp\/v2\/posts\/9789\/revisions\/9791"}],"wp:attachment":[{"href":"https:\/\/www.ecuadoraldia.com.ec\/index.php?rest_route=%2Fwp%2Fv2%2Fmedia&parent=9789"}],"wp:term":[{"taxonomy":"category","embeddable":true,"href":"https:\/\/www.ecuadoraldia.com.ec\/index.php?rest_route=%2Fwp%2Fv2%2Fcategories&post=9789"},{"taxonomy":"post_tag","embeddable":true,"href":"https:\/\/www.ecuadoraldia.com.ec\/index.php?rest_route=%2Fwp%2Fv2%2Ftags&post=9789"}],"curies":[{"name":"wp","href":"https:\/\/api.w.org\/{rel}","templated":true}]}}