{"id":9792,"date":"2015-06-15T23:54:36","date_gmt":"2015-06-15T23:54:36","guid":{"rendered":"http:\/\/www.ecuadoraldia.com.ec\/?p=9792"},"modified":"2015-06-15T23:54:48","modified_gmt":"2015-06-15T23:54:48","slug":"cne-inicia-verificacion-de-firmas-para-inscribir-a-10-movimientos-politicos","status":"publish","type":"post","link":"https:\/\/www.ecuadoraldia.com.ec\/?p=9792","title":{"rendered":"CNE inicia verificaci\u00f3n de firmas para inscribir a 10 movimientos pol\u00edticos"},"content":{"rendered":"<p style=\"text-align: justify;\"><a href=\"http:\/\/www.ecuadoraldia.com.ec\/wp-content\/uploads\/2015\/06\/consejo-cne.jpg\"><img loading=\"lazy\" decoding=\"async\" class=\"alignleft size-full wp-image-9793\" src=\"http:\/\/www.ecuadoraldia.com.ec\/wp-content\/uploads\/2015\/06\/consejo-cne.jpg\" alt=\"consejo cne\" width=\"260\" height=\"173\" \/><\/a>El presidente del CNE, Pablo Pozo, dijo que en primera instancia se revisar\u00e1n que los formularios no est\u00e9n arrugados, ni manchados, y que las fechas correspondan a la que se utiliz\u00f3 para la recolecci\u00f3n de las firmas. Posteriormente se revisar\u00e1n que los nombres y n\u00fameros de c\u00e9dula coincidan para finalmente verificar las firmas.<\/p>\n<p style=\"text-align: justify;\">\u00abExisten 5 fuentes que nos ayudar\u00e1n a contrastar la informaci\u00f3n: Regisgro Civil, Canciller\u00eda, Banco Nacional de Fomento, Banco del Pac\u00edfico y Agencia Nacional de Tr\u00e1nsito\u00bb, dijo Pozo.<\/p>\n<p style=\"text-align: justify;\">El CNE estipula que le tomar\u00e1 alrededor de 36 d\u00edas la revisi\u00f3n y aprobaci\u00f3n de estas firmas, ya que existen 100 verificadores que trabajar\u00e1n en el proceso, que tiene varias seguridades para garantizar transparencia en el proceso, que en todas sus fases podr\u00e1 ser observado por hasta 20 delegados de cada una de las organizaciones pol\u00edticas.<\/p>\n<p style=\"text-align: justify;\">Sin embargo, \u00c1ngel Orna secretario nacional del movimiento Unidad Popular dijo que lo ideal es que sean al menos 100 observadores. \u00abSolo 20 no pueden estar pendientes de todo lo que ocurre en las 100 m\u00e1quinas que hacen la verificaci\u00f3n\u00bb, coment\u00f3 Orna.<\/p>\n<p style=\"text-align: justify;\">Uno de ellos es el movimiento cantonal \u00abMejor Ciudad\u00bb de la ciudad Manta, que espera que el CNE apruebe su registro. \u00abPresentamos 4 mil firmas y lo que necesitamos es alrededor de 2.800. Ojal\u00e1 todo el proceso que seguimos nos permita acceder a la inscripci\u00f3n\u00bb, coment\u00f3 Agust\u00edn Intriago, representante del movimiento mantense. ELTEL\u00c9GRAFO.<\/p>\n","protected":false},"excerpt":{"rendered":"<p>El presidente del CNE, Pablo Pozo, dijo que en primera instancia se revisar\u00e1n que los formularios no est\u00e9n arrugados, ni<\/p>\n","protected":false},"author":1,"featured_media":0,"comment_status":"open","ping_status":"open","sticky":false,"template":"","format":"standard","meta":{"footnotes":""},"categories":[11],"tags":[],"_links":{"self":[{"href":"https:\/\/www.ecuadoraldia.com.ec\/index.php?rest_route=\/wp\/v2\/posts\/9792"}],"collection":[{"href":"https:\/\/www.ecuadoraldia.com.ec\/index.php?rest_route=\/wp\/v2\/posts"}],"about":[{"href":"https:\/\/www.ecuadoraldia.com.ec\/index.php?rest_route=\/wp\/v2\/types\/post"}],"author":[{"embeddable":true,"href":"https:\/\/www.ecuadoraldia.com.ec\/index.php?rest_route=\/wp\/v2\/users\/1"}],"replies":[{"embeddable":true,"href":"https:\/\/www.ecuadoraldia.com.ec\/index.php?rest_route=%2Fwp%2Fv2%2Fcomments&post=9792"}],"version-history":[{"count":1,"href":"https:\/\/www.ecuadoraldia.com.ec\/index.php?rest_route=\/wp\/v2\/posts\/9792\/revisions"}],"predecessor-version":[{"id":9794,"href":"https:\/\/www.ecuadoraldia.com.ec\/index.php?rest_route=\/wp\/v2\/posts\/9792\/revisions\/9794"}],"wp:attachment":[{"href":"https:\/\/www.ecuadoraldia.com.ec\/index.php?rest_route=%2Fwp%2Fv2%2Fmedia&parent=9792"}],"wp:term":[{"taxonomy":"category","embeddable":true,"href":"https:\/\/www.ecuadoraldia.com.ec\/index.php?rest_route=%2Fwp%2Fv2%2Fcategories&post=9792"},{"taxonomy":"post_tag","embeddable":true,"href":"https:\/\/www.ecuadoraldia.com.ec\/index.php?rest_route=%2Fwp%2Fv2%2Ftags&post=9792"}],"curies":[{"name":"wp","href":"https:\/\/api.w.org\/{rel}","templated":true}]}}