{"id":9797,"date":"2015-06-16T13:00:27","date_gmt":"2015-06-16T13:00:27","guid":{"rendered":"http:\/\/www.ecuadoraldia.com.ec\/?p=9797"},"modified":"2015-06-16T13:00:27","modified_gmt":"2015-06-16T13:00:27","slug":"presidente-retira-temporalmente-proyectos-de-ley-de-herencias-y-plusvalia","status":"publish","type":"post","link":"https:\/\/www.ecuadoraldia.com.ec\/?p=9797","title":{"rendered":"Presidente retira temporalmente proyectos de Ley de Herencias y Plusval\u00eda"},"content":{"rendered":"<p style=\"text-align: justify;\"><a href=\"http:\/\/www.ecuadoraldia.com.ec\/wp-content\/uploads\/2015\/06\/rafa.jpeg\"><img loading=\"lazy\" decoding=\"async\" class=\"alignleft size-medium wp-image-9798\" src=\"http:\/\/www.ecuadoraldia.com.ec\/wp-content\/uploads\/2015\/06\/rafa-300x283.jpeg\" alt=\"rafa\" width=\"300\" height=\"283\" srcset=\"https:\/\/www.ecuadoraldia.com.ec\/wp-content\/uploads\/2015\/06\/rafa-300x283.jpeg 300w, https:\/\/www.ecuadoraldia.com.ec\/wp-content\/uploads\/2015\/06\/rafa.jpeg 361w\" sizes=\"(max-width: 300px) 100vw, 300px\" \/><\/a>Quito (15-6-2015).- Mediante cadena nacional, el Presidente de la Rep\u00fablica, Rafael Correa anunci\u00f3 al pa\u00eds que decidi\u00f3 retirar temporalmente los proyectos de Ley denominados de Herencias y Plusval\u00eda, para evitar que determinados grupos provoquen mayor violencia.<\/p>\n<p style=\"text-align: justify;\">Con esto, el Presidente invit\u00f3 a un gran debate nacional sobre las leyes en particular, pero en general, sobre el pa\u00eds que necesitamos. \u201cOjal\u00e1 en este gran di\u00e1logo nacional participen asamble\u00edstas, gremios, organizaciones sociales, la academia, los j\u00f3venes\u201d, acot\u00f3.<\/p>\n<p style=\"text-align: justify;\">Queremos escuchar y hablar, no insultos ni infamias, peor violencia. \u201cTodo esto es lo que se debi\u00f3 hacer en la Asamblea, pero ha sido imposible con tanta desinformaci\u00f3n y violencia generadas\u201d.<\/p>\n<p style=\"text-align: justify;\">En el caso concreto de estas dos leyes, es necesario que se discuta lo que est\u00e1 detr\u00e1s de las diferentes posiciones, pues aqu\u00ed est\u00e1n en disputa dos visiones de sociedad. La que legitima la acumulaci\u00f3n ilimitada de riqueza y la minimizaci\u00f3n del Estado; y la visi\u00f3n que representa la Revoluci\u00f3n Ciudadana, la cual implica una sociedad m\u00e1s justa, un Estado adecuadamente redistribuidor.<\/p>\n<p style=\"text-align: justify;\">Reflexion\u00f3 adem\u00e1s que \u2013en este contexto- para la venidera visita del Papa Francisco, se requiere de un ambiente de paz, regocijo y recogimiento.<\/p>\n<p style=\"text-align: justify;\">Puntualiz\u00f3 que se retirar\u00e1n las leyes hasta que se agote el debate y se demostrar\u00e1, de esta forma, las mentiras creadas. \u201cSi alguien demuestra que alguna de las leyes afecta a los pobres o a la clase media, archivar\u00e9 los proyectos definitivamente\u201d, reiter\u00f3, como lo hizo en la ma\u00f1ana ante miles de personas.<\/p>\n<p style=\"text-align: justify;\">\u201cPodemos esperar, esto no es para el Gobierno, es para las futuras generaciones que recibir\u00e1n un pa\u00eds menos excluyente\u201d, puntualiz\u00f3 y exhort\u00f3 a que alguien demuestre que estas leyes ten\u00edan fines recaudatorios por un supuesto despilfarro de fondos p\u00fablicos, para \u2013tambi\u00e9n- archivar definitivamente los proyectos.<\/p>\n<p style=\"text-align: justify;\">Acerca de las movilizaciones que se dieron los \u00faltimos d\u00edas, algunas violentas, el Mandatario reiter\u00f3 que lamenta no haber estado en el pa\u00eds acompa\u00f1ando a quienes salieron a defender este proceso. \u201cTodos tenemos derecho a manifestarnos, ninguno tiene derecho a la violencia\u201d, enfatiz\u00f3, instando a rechazar todo tipo de violencia.<\/p>\n<p style=\"text-align: justify;\">Tambi\u00e9n record\u00f3 que el Art. 105 de la Carta Magna, permite utilizar la revocatoria de mandato para el Presidente. \u201c\u00bfQuieren sacar al Presidente? utilicen la Constituci\u00f3n, pidan el referendo revocatorio y nos veremos en las urnas para derrotarlos nuevamente, no es soberbia, es absoluta confianza en mi pueblo\u201d, puntualiz\u00f3, instando a estar m\u00e1s alertas que nunca contra el golpismo y la desestabilizaci\u00f3n.<\/p>\n<p>\u201cSi se demuestra que todo esto fue mentira, los falsarios deber\u00e1n responder ante la ciudadan\u00eda. Necesitamos inaugurar una pol\u00edtica de m\u00e1s seriedad y responsabilidad\u201d, finaliz\u00f3. \/SD El Ciudadano<\/p>\n","protected":false},"excerpt":{"rendered":"<p>Quito (15-6-2015).- Mediante cadena nacional, el Presidente de la Rep\u00fablica, Rafael Correa anunci\u00f3 al pa\u00eds que decidi\u00f3 retirar temporalmente los<\/p>\n","protected":false},"author":1,"featured_media":0,"comment_status":"open","ping_status":"open","sticky":false,"template":"","format":"standard","meta":{"footnotes":""},"categories":[1],"tags":[],"_links":{"self":[{"href":"https:\/\/www.ecuadoraldia.com.ec\/index.php?rest_route=\/wp\/v2\/posts\/9797"}],"collection":[{"href":"https:\/\/www.ecuadoraldia.com.ec\/index.php?rest_route=\/wp\/v2\/posts"}],"about":[{"href":"https:\/\/www.ecuadoraldia.com.ec\/index.php?rest_route=\/wp\/v2\/types\/post"}],"author":[{"embeddable":true,"href":"https:\/\/www.ecuadoraldia.com.ec\/index.php?rest_route=\/wp\/v2\/users\/1"}],"replies":[{"embeddable":true,"href":"https:\/\/www.ecuadoraldia.com.ec\/index.php?rest_route=%2Fwp%2Fv2%2Fcomments&post=9797"}],"version-history":[{"count":1,"href":"https:\/\/www.ecuadoraldia.com.ec\/index.php?rest_route=\/wp\/v2\/posts\/9797\/revisions"}],"predecessor-version":[{"id":9799,"href":"https:\/\/www.ecuadoraldia.com.ec\/index.php?rest_route=\/wp\/v2\/posts\/9797\/revisions\/9799"}],"wp:attachment":[{"href":"https:\/\/www.ecuadoraldia.com.ec\/index.php?rest_route=%2Fwp%2Fv2%2Fmedia&parent=9797"}],"wp:term":[{"taxonomy":"category","embeddable":true,"href":"https:\/\/www.ecuadoraldia.com.ec\/index.php?rest_route=%2Fwp%2Fv2%2Fcategories&post=9797"},{"taxonomy":"post_tag","embeddable":true,"href":"https:\/\/www.ecuadoraldia.com.ec\/index.php?rest_route=%2Fwp%2Fv2%2Ftags&post=9797"}],"curies":[{"name":"wp","href":"https:\/\/api.w.org\/{rel}","templated":true}]}}