{"id":9803,"date":"2015-06-16T13:55:54","date_gmt":"2015-06-16T13:55:54","guid":{"rendered":"http:\/\/www.ecuadoraldia.com.ec\/?p=9803"},"modified":"2015-06-16T13:55:54","modified_gmt":"2015-06-16T13:55:54","slug":"unatec-respalda-al-gobierno-y-la-asamblea","status":"publish","type":"post","link":"https:\/\/www.ecuadoraldia.com.ec\/?p=9803","title":{"rendered":"UNATEC Respalda al Gobierno y la Asamblea"},"content":{"rendered":"<figure id=\"attachment_9804\" aria-describedby=\"caption-attachment-9804\" style=\"width: 300px\" class=\"wp-caption alignleft\"><a href=\"http:\/\/www.ecuadoraldia.com.ec\/wp-content\/uploads\/2015\/06\/valdez-y-gaby.jpg\"><img loading=\"lazy\" decoding=\"async\" class=\"size-medium wp-image-9804\" src=\"http:\/\/www.ecuadoraldia.com.ec\/wp-content\/uploads\/2015\/06\/valdez-y-gaby-300x242.jpg\" alt=\"UNATEC Respalda al Gobierno y la Asamblea\" width=\"300\" height=\"242\" srcset=\"https:\/\/www.ecuadoraldia.com.ec\/wp-content\/uploads\/2015\/06\/valdez-y-gaby-300x242.jpg 300w, https:\/\/www.ecuadoraldia.com.ec\/wp-content\/uploads\/2015\/06\/valdez-y-gaby.jpg 310w\" sizes=\"(max-width: 300px) 100vw, 300px\" \/><\/a><figcaption id=\"caption-attachment-9804\" class=\"wp-caption-text\">UNATEC Respalda al Gobierno y la Asamblea<\/figcaption><\/figure>\n<p style=\"text-align: justify;\">Tras las movilizaciones de respaldo al gobierno y \u00a0la Asamblea nacional el d\u00eda de ayer lunes, el Presidente de la Uni\u00f3n Nacional de Taxis ejecutivos comercial, Fernando Vald\u00e9z, entreg\u00f3 a la presidenta de la Asamblea Nacional, Gabriela Rivadeneira, una resoluci\u00f3n emitida el 15 de junio de 2015, por parte del Directorio del Organismo \u00a0trav\u00e9s de la cual las\u00a0 filiales de las 19 provincias de la\u00a0 UNATEC, extienden una felicitaci\u00f3n a las autoridades de la asamblea por la reelecci\u00f3n para el per\u00edodo 2015 2017.<\/p>\n<p style=\"text-align: justify;\">\u00a0<a href=\"http:\/\/www.ecuadoraldia.com.ec\/wp-content\/uploads\/2015\/06\/unatec-2.jpg\"><img loading=\"lazy\" decoding=\"async\" class=\"alignleft size-medium wp-image-9805\" src=\"http:\/\/www.ecuadoraldia.com.ec\/wp-content\/uploads\/2015\/06\/unatec-2-300x279.jpg\" alt=\"unatec 2\" width=\"300\" height=\"279\" srcset=\"https:\/\/www.ecuadoraldia.com.ec\/wp-content\/uploads\/2015\/06\/unatec-2-300x279.jpg 300w, https:\/\/www.ecuadoraldia.com.ec\/wp-content\/uploads\/2015\/06\/unatec-2.jpg 325w\" sizes=\"(max-width: 300px) 100vw, 300px\" \/><\/a>Adem\u00e1s se entreg\u00f3 una\u00a0\u00a0 propuesta de respaldo incondicional a la gesti\u00f3n de la legislatura y sobre todo a la ley de redistribuci\u00f3n de la riqueza que impulsa el gobierno en beneficio de las clases populares. \u00a0\u201cNosotros tambi\u00e9n como taxistas hemos heredado una informalidad de m\u00e1s de 15 a\u00f1os y para nosotros es un beneficio\u201d haber logrado que este gobierno nos reconozca como Organismo de la transportaci\u00f3n y se nos quite el peyorativo de \u201cPIRATAS\u201d. Esto hered\u00f3 el Presidente Correa de gobiernos anteriores que nunca se preocuparon de legalizar esta actividad. Siempre nos invisibilizaron y hoy gracias al se\u00f1or Presidente somos parte de este producto. Taxi ejecutivo con servicio Nacional.<\/p>\n<p style=\"text-align: justify;\">\u00a0\u201cNosotros como gremio Rechazamos en\u00e9rgicamente esta forma de sabotaje pol\u00edtico que pretenden hacer un grupo min\u00fasculo a nombre de todo un pueblo pretendiendo tomarse el poder por la fuerza\u201d, reiter\u00f3 el dirigente gremial.<\/p>\n<p style=\"text-align: justify;\"><a href=\"http:\/\/www.ecuadoraldia.com.ec\/wp-content\/uploads\/2015\/06\/carlos-aguirre-entrevista-al-Presidente-de-Unatec.jpg\"><img loading=\"lazy\" decoding=\"async\" class=\"alignleft size-medium wp-image-9806\" src=\"http:\/\/www.ecuadoraldia.com.ec\/wp-content\/uploads\/2015\/06\/carlos-aguirre-entrevista-al-Presidente-de-Unatec-224x300.jpg\" alt=\"carlos aguirre entrevista al Presidente de Unatec\" width=\"224\" height=\"300\" srcset=\"https:\/\/www.ecuadoraldia.com.ec\/wp-content\/uploads\/2015\/06\/carlos-aguirre-entrevista-al-Presidente-de-Unatec-224x300.jpg 224w, https:\/\/www.ecuadoraldia.com.ec\/wp-content\/uploads\/2015\/06\/carlos-aguirre-entrevista-al-Presidente-de-Unatec.jpg 290w\" sizes=\"(max-width: 224px) 100vw, 224px\" \/><\/a>Los taxistas ejecutivos y Nacionales seguimos respaldando la gesti\u00f3n del Presidente de la rep\u00fablica Rafael Correa Delgado, de la Presidenta de la Asamblea Gabriela Rivadeneira y de todas las pol\u00edticas\u00a0 de Estado que se env\u00eden desde el ejecutivo a la Asamblea Nacional, siempre que vayan en beneficio del pueblo ecuatoriano, enfatiz\u00f3.<\/p>\n<p style=\"text-align: justify;\">La UNATEC, est\u00e1 legalmente reconocida por parte de las autoridades de tr\u00e1nsito y beneficia a 15 mil familias que cuentan con sus permios de operaci\u00f3n.<\/p>\n<p style=\"text-align: justify;\">Migrantes retornados, personas de la tercera edad y j\u00f3venes son parte de \u00a0la organizaci\u00f3n que brinda \u00a0un servicio eficiente a los usuarios. 15 mil taxistas trabajan a nivel nacional. \u201cNo solo somos transportistas, tambi\u00e9n somos l\u00edderes barriales\u201d.<\/p>\n<p style=\"text-align: justify;\">Cada Unidad tendr\u00e1 un tr\u00edptico para informar a la ciudadan\u00eda y ser un factor multiplicador respecto de los proyectos de ley de herencias \u00a0y plusval\u00eda. Estas leyes buscan equiparar la redistribuci\u00f3n de la riqueza en beneficio de los sectores m\u00e1s pobres. No puede ser posible que el 2% de la poblaci\u00f3n concentre gran parte de la riqueza.\n<\/p>\n<p style=\"text-align: justify;\"><a href=\"http:\/\/www.ecuadoraldia.com.ec\/wp-content\/uploads\/2015\/06\/valdez-1.jpg\"><img loading=\"lazy\" decoding=\"async\" class=\"alignleft size-medium wp-image-9807\" src=\"http:\/\/www.ecuadoraldia.com.ec\/wp-content\/uploads\/2015\/06\/valdez-1-300x218.jpg\" alt=\"valdez 1\" width=\"300\" height=\"218\" srcset=\"https:\/\/www.ecuadoraldia.com.ec\/wp-content\/uploads\/2015\/06\/valdez-1-300x218.jpg 300w, https:\/\/www.ecuadoraldia.com.ec\/wp-content\/uploads\/2015\/06\/valdez-1.jpg 387w\" sizes=\"(max-width: 300px) 100vw, 300px\" \/><\/a>Pese a la decisi\u00f3n del Presidente de la Rep\u00fablica de suspender temporalmente el tratamiento de esas leyes al interior de la Asamblea, nosotros seguiremos con nuestra labor de informar a la ciudadan\u00eda de los beneficios de estas leyes. \u201cYa es hora de que quienes m\u00e1s tienen, m\u00e1s aporten con sus recursos a favor de los que menos tienen\u201d. Es lamentable que un reducido grupo concentre gran parte de la riqueza de este Pa\u00eds, mientras que gran parte de la poblaci\u00f3n padece de muchas necesidades. (Multimedios Ecuadoraldia-15 junio de 2015)<\/p>\n","protected":false},"excerpt":{"rendered":"<p>Tras las movilizaciones de respaldo al gobierno y \u00a0la Asamblea nacional el d\u00eda de ayer lunes, el Presidente de la<\/p>\n","protected":false},"author":1,"featured_media":0,"comment_status":"open","ping_status":"open","sticky":false,"template":"","format":"standard","meta":{"footnotes":""},"categories":[3],"tags":[],"_links":{"self":[{"href":"https:\/\/www.ecuadoraldia.com.ec\/index.php?rest_route=\/wp\/v2\/posts\/9803"}],"collection":[{"href":"https:\/\/www.ecuadoraldia.com.ec\/index.php?rest_route=\/wp\/v2\/posts"}],"about":[{"href":"https:\/\/www.ecuadoraldia.com.ec\/index.php?rest_route=\/wp\/v2\/types\/post"}],"author":[{"embeddable":true,"href":"https:\/\/www.ecuadoraldia.com.ec\/index.php?rest_route=\/wp\/v2\/users\/1"}],"replies":[{"embeddable":true,"href":"https:\/\/www.ecuadoraldia.com.ec\/index.php?rest_route=%2Fwp%2Fv2%2Fcomments&post=9803"}],"version-history":[{"count":1,"href":"https:\/\/www.ecuadoraldia.com.ec\/index.php?rest_route=\/wp\/v2\/posts\/9803\/revisions"}],"predecessor-version":[{"id":9808,"href":"https:\/\/www.ecuadoraldia.com.ec\/index.php?rest_route=\/wp\/v2\/posts\/9803\/revisions\/9808"}],"wp:attachment":[{"href":"https:\/\/www.ecuadoraldia.com.ec\/index.php?rest_route=%2Fwp%2Fv2%2Fmedia&parent=9803"}],"wp:term":[{"taxonomy":"category","embeddable":true,"href":"https:\/\/www.ecuadoraldia.com.ec\/index.php?rest_route=%2Fwp%2Fv2%2Fcategories&post=9803"},{"taxonomy":"post_tag","embeddable":true,"href":"https:\/\/www.ecuadoraldia.com.ec\/index.php?rest_route=%2Fwp%2Fv2%2Ftags&post=9803"}],"curies":[{"name":"wp","href":"https:\/\/api.w.org\/{rel}","templated":true}]}}