{"id":9809,"date":"2015-06-17T00:24:28","date_gmt":"2015-06-17T00:24:28","guid":{"rendered":"http:\/\/www.ecuadoraldia.com.ec\/?p=9809"},"modified":"2015-06-17T00:24:28","modified_gmt":"2015-06-17T00:24:28","slug":"comision-socializara-proyectos-de-ley-de-herencias-y-plusvalia","status":"publish","type":"post","link":"https:\/\/www.ecuadoraldia.com.ec\/?p=9809","title":{"rendered":"Comisi\u00f3n socializar\u00e1 proyectos de ley de herencias y plusval\u00eda"},"content":{"rendered":"<p style=\"text-align: justify;\"><a href=\"http:\/\/www.ecuadoraldia.com.ec\/wp-content\/uploads\/2015\/06\/comisin-rgimen-econmico.jpg\"><img loading=\"lazy\" decoding=\"async\" class=\"alignleft size-full wp-image-9810\" src=\"http:\/\/www.ecuadoraldia.com.ec\/wp-content\/uploads\/2015\/06\/comisin-rgimen-econmico.jpg\" alt=\"comisin rgimen econmico\" width=\"272\" height=\"219\" \/><\/a>La Comisi\u00f3n de R\u00e9gimen Econ\u00f3mico de la Asamblea Nacional conocer\u00e1 ma\u00f1ana el pedido de retiro temporal de las leyes de Herencias y Plusval\u00edas, que remiti\u00f3 el lunes el presidente Rafael Correa a la Asamblea.<\/p>\n<p style=\"text-align: justify;\">En rueda de prensa, miembros de la comisi\u00f3n, entre ellos Virgilio Hern\u00e1ndez, presidente de la mesa legislativa, anunciaron que iniciar\u00e1n una campa\u00f1a c\u00edvico \u2013 pol\u00edtica para socializar los contenidos de los dos proyectos de ley.<\/p>\n<p style=\"text-align: justify;\">Creen que estos temas deben ser \u00abdiscutidos en asambleas, barrios, cooperativas, en el campo y en la ciudad\u00bb, seg\u00fan se\u00f1al\u00f3 Hern\u00e1ndez.<\/p>\n<p style=\"text-align: justify;\">Hern\u00e1ndez calific\u00f3 a la socializaci\u00f3n de la normativa como un reto: \u201cAhora nos queda un reto mayor que es discutir sobre el tema de la justicia, redistribuci\u00f3n y la equidad social\u201d, insisti\u00f3.<\/p>\n<p style=\"text-align: justify;\">Los legisladores de la bancada de PAIS recordaron el art\u00edculo 135 de la Constituci\u00f3n, que se\u00f1ala que el Ejecutivo es el \u00fanico que tiene capacidad de presentar proyectos de ley en el tema econ\u00f3mico y de tributos.<\/p>\n<p style=\"text-align: justify;\">El legislador Rodrigo Collahuazo, a nombre de la Coordinadora de Movimientos Sociales, se\u00f1al\u00f3 que decidieron mantenerse en alerta nacional y declararse en asamblea permanentes. Con ello se integrar\u00e1n al gran debate nacional convocado por el presidente Correa y el Movimiento PAIS con todos los sectores.<\/p>\n<p style=\"text-align: justify;\">Para la reuni\u00f3n convocada para ma\u00f1ana, los comisionados de R\u00e9gimen Econ\u00f3mico, tambi\u00e9n, conocer\u00e1n el proyecto de reformas a la Ley de Turismo y Aviaci\u00f3n Civil, remitido para su tratamiento por parte del Consejo de Administraci\u00f3n Legislativa (CAL). El proyecto fue presentado por los legisladores Fanny Uribe, Bayron Pacheco, entre otros.<\/p>\n<p style=\"text-align: justify;\">Posteriormente, los parlamentarios continuar\u00e1n el tratamiento del proyecto de reformas a la Ley de Aviaci\u00f3n Civil y de la Ley de Turismo para la fijaci\u00f3n de tarifas a\u00e9reas, de iniciativa del parlamentario Oswaldo Larriva. (TEL\u00c9GRAFO)<\/p>\n","protected":false},"excerpt":{"rendered":"<p>La Comisi\u00f3n de R\u00e9gimen Econ\u00f3mico de la Asamblea Nacional conocer\u00e1 ma\u00f1ana el pedido de retiro temporal de las leyes de<\/p>\n","protected":false},"author":1,"featured_media":0,"comment_status":"open","ping_status":"open","sticky":false,"template":"","format":"standard","meta":{"footnotes":""},"categories":[1],"tags":[],"_links":{"self":[{"href":"https:\/\/www.ecuadoraldia.com.ec\/index.php?rest_route=\/wp\/v2\/posts\/9809"}],"collection":[{"href":"https:\/\/www.ecuadoraldia.com.ec\/index.php?rest_route=\/wp\/v2\/posts"}],"about":[{"href":"https:\/\/www.ecuadoraldia.com.ec\/index.php?rest_route=\/wp\/v2\/types\/post"}],"author":[{"embeddable":true,"href":"https:\/\/www.ecuadoraldia.com.ec\/index.php?rest_route=\/wp\/v2\/users\/1"}],"replies":[{"embeddable":true,"href":"https:\/\/www.ecuadoraldia.com.ec\/index.php?rest_route=%2Fwp%2Fv2%2Fcomments&post=9809"}],"version-history":[{"count":1,"href":"https:\/\/www.ecuadoraldia.com.ec\/index.php?rest_route=\/wp\/v2\/posts\/9809\/revisions"}],"predecessor-version":[{"id":9811,"href":"https:\/\/www.ecuadoraldia.com.ec\/index.php?rest_route=\/wp\/v2\/posts\/9809\/revisions\/9811"}],"wp:attachment":[{"href":"https:\/\/www.ecuadoraldia.com.ec\/index.php?rest_route=%2Fwp%2Fv2%2Fmedia&parent=9809"}],"wp:term":[{"taxonomy":"category","embeddable":true,"href":"https:\/\/www.ecuadoraldia.com.ec\/index.php?rest_route=%2Fwp%2Fv2%2Fcategories&post=9809"},{"taxonomy":"post_tag","embeddable":true,"href":"https:\/\/www.ecuadoraldia.com.ec\/index.php?rest_route=%2Fwp%2Fv2%2Ftags&post=9809"}],"curies":[{"name":"wp","href":"https:\/\/api.w.org\/{rel}","templated":true}]}}